{"id":59863,"date":"2022-06-15T14:02:34","date_gmt":"2022-06-15T19:02:34","guid":{"rendered":"https:\/\/nvnoticias.mx\/?p=59863"},"modified":"2022-06-15T14:02:35","modified_gmt":"2022-06-15T19:02:35","slug":"cisneros-se-lanza-contra-diputado-petista-por-caso-de-pasiano-n","status":"publish","type":"post","link":"https:\/\/nvnoticias.mx\/index.php\/2022\/06\/15\/cisneros-se-lanza-contra-diputado-petista-por-caso-de-pasiano-n\/","title":{"rendered":"Cisneros se lanza contra diputado petista por caso de Pasiano &#8220;N&#8221;"},"content":{"rendered":"\n<p><strong>Sam Ojeda\u00a0\/ NV Noticias<\/strong><\/p>\n\n\n\n<p>Xalapa.- El secretario de Gobierno, Eric Cisneros Burgos, se lanz\u00f3 contra el diputado local por el Partido del Trabajo (PT), Ram\u00f3n D\u00edaz \u00c1vila, que exigi\u00f3 a la presidenta del Tribunal Superior de Justicia, Isabel In\u00e9s Romero Cruz, informar la situaci\u00f3n jur\u00eddica de los detenidos por el delito de ultrajes a la autoridad.<\/p>\n\n\n\n<p>Dijo que el petista no es veracruzano, y asegur\u00f3 que D\u00edaz \u00c1vila \u201cest\u00e1 confundido\u201d y no conoce a los personajes pol\u00edticos de la entidad ni los procedimientos.\u00a0<\/p>\n\n\n\n<blockquote class=\"wp-block-quote is-layout-flow wp-block-quote-is-layout-flow\"><p>\u201c<em>El diputado Ram\u00f3n del PT est\u00e1 confundido y confundido por una raz\u00f3n muy sencilla, \u00e9l no es veracruzano, es de otro estado de la Rep\u00fablica. Tiene muy poquito aqu\u00ed, no conoce ni a los personajes pol\u00edticos del Estado ni tampoco los procedimientos<\/em>\u201d, dijo.<\/p><\/blockquote>\n\n\n\n<p>Dijo que pide cosas \u201cfuera de contexto\u201d en clara relaci\u00f3n al caso del alcalde electo de Jes\u00fas Carranza, Pasiano \u201cN\u201d, detenido por el delito de ultrajes a la autoridad, al se\u00f1alar que si pensara como veracruzano no \u201dpromover\u00eda a candidatos\u201d en prisi\u00f3n.<\/p>\n\n\n\n<blockquote class=\"wp-block-quote is-layout-flow wp-block-quote-is-layout-flow\"><p>\u201c<em>Por eso es que pide cosas que est\u00e1n fuera de contexto, no piensa como veracruzano, pues. Si pensara como veracruzano no promover\u00eda a candidatos que est\u00e1n privados de la libertad<\/em>\u201d.<\/p><\/blockquote>\n\n\n\n<p>Hay que recordar que Pasiano \u201cN\u201d fue detenido y enviado al penal de Tuxpan desde 2021, y a pesar de que la SCJN determin\u00f3 el delito de ultrajes a la autoridad como inconstitucional, no ha obtenido su libertad.\u00a0<\/p>\n","protected":false},"excerpt":{"rendered":"<p>Sam Ojeda\u00a0\/ NV Noticias Xalapa.- El secretario de Gobierno, Eric Cisneros Burgos, se lanz\u00f3 contra el diputado local por el Partido del Trabajo (PT), Ram\u00f3n D\u00edaz \u00c1vila, que exigi\u00f3 a la presidenta del Tribunal Superior de Justicia, Isabel In\u00e9s Romero Cruz, informar la situaci\u00f3n jur\u00eddica de los detenidos por el delito de ultrajes a la [&hellip;]<\/p>\n","protected":false},"author":8,"featured_media":59864,"comment_status":"open","ping_status":"open","sticky":false,"template":"","format":"standard","meta":{"_monsterinsights_skip_tracking":false,"_monsterinsights_sitenote_active":false,"_monsterinsights_sitenote_note":"","_monsterinsights_sitenote_category":0,"footnotes":""},"categories":[156],"tags":[4783,13014,345,16034],"class_list":["post-59863","post","type-post","status-publish","format-standard","has-post-thumbnail","hentry","category-estado","tag-eric-cisneros-burgos","tag-pasiano-rueda","tag-pt","tag-ramon-diaz-avila","wp-image-borders"],"amp_enabled":true,"_links":{"self":[{"href":"https:\/\/nvnoticias.mx\/index.php\/wp-json\/wp\/v2\/posts\/59863","targetHints":{"allow":["GET"]}}],"collection":[{"href":"https:\/\/nvnoticias.mx\/index.php\/wp-json\/wp\/v2\/posts"}],"about":[{"href":"https:\/\/nvnoticias.mx\/index.php\/wp-json\/wp\/v2\/types\/post"}],"author":[{"embeddable":true,"href":"https:\/\/nvnoticias.mx\/index.php\/wp-json\/wp\/v2\/users\/8"}],"replies":[{"embeddable":true,"href":"https:\/\/nvnoticias.mx\/index.php\/wp-json\/wp\/v2\/comments?post=59863"}],"version-history":[{"count":1,"href":"https:\/\/nvnoticias.mx\/index.php\/wp-json\/wp\/v2\/posts\/59863\/revisions"}],"predecessor-version":[{"id":59865,"href":"https:\/\/nvnoticias.mx\/index.php\/wp-json\/wp\/v2\/posts\/59863\/revisions\/59865"}],"wp:featuredmedia":[{"embeddable":true,"href":"https:\/\/nvnoticias.mx\/index.php\/wp-json\/wp\/v2\/media\/59864"}],"wp:attachment":[{"href":"https:\/\/nvnoticias.mx\/index.php\/wp-json\/wp\/v2\/media?parent=59863"}],"wp:term":[{"taxonomy":"category","embeddable":true,"href":"https:\/\/nvnoticias.mx\/index.php\/wp-json\/wp\/v2\/categories?post=59863"},{"taxonomy":"post_tag","embeddable":true,"href":"https:\/\/nvnoticias.mx\/index.php\/wp-json\/wp\/v2\/tags?post=59863"}],"curies":[{"name":"wp","href":"https:\/\/api.w.org\/{rel}","templated":true}]}}