{"id":59846,"date":"2022-06-15T13:16:58","date_gmt":"2022-06-15T18:16:58","guid":{"rendered":"https:\/\/nvnoticias.mx\/?p=59846"},"modified":"2022-06-15T13:16:59","modified_gmt":"2022-06-15T18:16:59","slug":"se-registra-deslave-en-puente-torrentes-no-hubo-dano-estructural","status":"publish","type":"post","link":"https:\/\/nvnoticias.mx\/index.php\/2022\/06\/15\/se-registra-deslave-en-puente-torrentes-no-hubo-dano-estructural\/","title":{"rendered":"Se registra deslave en Puente Torrentes; no hubo da\u00f1o estructural"},"content":{"rendered":"\n<p><strong>Jes\u00fas Utrilla \/ NV Noticias<\/strong><\/p>\n\n\n\n<p>Se suscit\u00f3 un deslave en el Puente Torrentes, ubicado al norte de la ciudad de Veracruz, sin embargo, el director de Obras P\u00fablicas, Luis Rom\u00e1n Campa P\u00e9rez, aclar\u00f3 que no hubo da\u00f1o estructural. <\/p>\n\n\n\n<p>El funcionario explic\u00f3 que solo se removi\u00f3 la tierra y se valorar\u00e1 si el jueves el puente reabre a la circulaci\u00f3n y es que seguir\u00e1n las lluvias lo que no permitir\u00e1 grandes maniobras. <\/p>\n\n\n\n<p>Sin embargo, insisti\u00f3 que la estructura est\u00e1 en buenas condiciones. <\/p>\n\n\n\n<p>Llevar\u00e1n a cabo acciones que permitan resarcir las afectaciones y en cuanto pasen las lluvias se llevar\u00e1 acabo una obra mayor para que no vuelva a suscitarse un deslave como este. <\/p>\n\n\n\n<blockquote class=\"wp-block-quote is-layout-flow wp-block-quote-is-layout-flow\"><p>\u201c<em>La emergencia en este momento es volver a restituir la tierra y compactar, con esto no habr\u00e1 riesgo durante los d\u00edas de lluvia que vienen y vamos a trabajar en otro tipo de acciones como es construir cunetas para evitar que en un futuro esto vuelva a suceder<\/em>\u201d.\u00a0<\/p><\/blockquote>\n\n\n\n<p>De acuerdo a la revisi\u00f3n no se comprometi\u00f3 la estructura.<\/p>\n","protected":false},"excerpt":{"rendered":"<p>Jes\u00fas Utrilla \/ NV Noticias Se suscit\u00f3 un deslave en el Puente Torrentes, ubicado al norte de la ciudad de Veracruz, sin embargo, el director de Obras P\u00fablicas, Luis Rom\u00e1n Campa P\u00e9rez, aclar\u00f3 que no hubo da\u00f1o estructural. El funcionario explic\u00f3 que solo se removi\u00f3 la tierra y se valorar\u00e1 si el jueves el puente [&hellip;]<\/p>\n","protected":false},"author":8,"featured_media":59849,"comment_status":"open","ping_status":"open","sticky":false,"template":"","format":"standard","meta":{"_monsterinsights_skip_tracking":false,"_monsterinsights_sitenote_active":false,"_monsterinsights_sitenote_note":"","_monsterinsights_sitenote_category":0,"footnotes":""},"categories":[154],"tags":[4781,16030],"class_list":["post-59846","post","type-post","status-publish","format-standard","has-post-thumbnail","hentry","category-veracruz","tag-deslave","tag-puente-torrentes","wp-image-borders"],"amp_enabled":true,"_links":{"self":[{"href":"https:\/\/nvnoticias.mx\/index.php\/wp-json\/wp\/v2\/posts\/59846","targetHints":{"allow":["GET"]}}],"collection":[{"href":"https:\/\/nvnoticias.mx\/index.php\/wp-json\/wp\/v2\/posts"}],"about":[{"href":"https:\/\/nvnoticias.mx\/index.php\/wp-json\/wp\/v2\/types\/post"}],"author":[{"embeddable":true,"href":"https:\/\/nvnoticias.mx\/index.php\/wp-json\/wp\/v2\/users\/8"}],"replies":[{"embeddable":true,"href":"https:\/\/nvnoticias.mx\/index.php\/wp-json\/wp\/v2\/comments?post=59846"}],"version-history":[{"count":1,"href":"https:\/\/nvnoticias.mx\/index.php\/wp-json\/wp\/v2\/posts\/59846\/revisions"}],"predecessor-version":[{"id":59850,"href":"https:\/\/nvnoticias.mx\/index.php\/wp-json\/wp\/v2\/posts\/59846\/revisions\/59850"}],"wp:featuredmedia":[{"embeddable":true,"href":"https:\/\/nvnoticias.mx\/index.php\/wp-json\/wp\/v2\/media\/59849"}],"wp:attachment":[{"href":"https:\/\/nvnoticias.mx\/index.php\/wp-json\/wp\/v2\/media?parent=59846"}],"wp:term":[{"taxonomy":"category","embeddable":true,"href":"https:\/\/nvnoticias.mx\/index.php\/wp-json\/wp\/v2\/categories?post=59846"},{"taxonomy":"post_tag","embeddable":true,"href":"https:\/\/nvnoticias.mx\/index.php\/wp-json\/wp\/v2\/tags?post=59846"}],"curies":[{"name":"wp","href":"https:\/\/api.w.org\/{rel}","templated":true}]}}