{"id":59816,"date":"2022-06-15T12:06:26","date_gmt":"2022-06-15T17:06:26","guid":{"rendered":"https:\/\/nvnoticias.mx\/?p=59816"},"modified":"2022-06-15T12:06:28","modified_gmt":"2022-06-15T17:06:28","slug":"la-gente-quiere-dirigentes-con-principios-no-politiqueros-amlo","status":"publish","type":"post","link":"https:\/\/nvnoticias.mx\/index.php\/2022\/06\/15\/la-gente-quiere-dirigentes-con-principios-no-politiqueros-amlo\/","title":{"rendered":"La gente quiere dirigentes con principios \u201cno politiqueros\u201d: AMLO"},"content":{"rendered":"\n<p>El presidente Andr\u00e9s Manuel L\u00f3pez Obrador dijo que los seguidores de Morena quieren un dirigente con principios y no a un politiquero, en respuesta a las cr\u00edticas que hizo el senador Ricardo Monreal por ser excluido del mitin morenista que se llev\u00f3 a cabo el domingo pasado en Toluca.<\/p>\n\n\n\n<p>En la conferencia ma\u00f1anera y sin hacer alusi\u00f3n personal a Monreal, L\u00f3pez Obrador asegur\u00f3 que la gente se da cuenta de todo, porque ya no es el tiempo de antes.<\/p>\n\n\n\n<blockquote class=\"wp-block-quote is-layout-flow wp-block-quote-is-layout-flow\"><p>\u200b\u201cAcerca de lo de Morena, yo tengo licencia y la gente en Morena, la verdad, los ciudadanos en general est\u00e1n muy despiertos y ya no quieren dirigentes sin principios, sin ideales, ya no, eso se termin\u00f3. La gente quiere que los representen personas con principios con ideales no politiqueros\u201d, afirm\u00f3.<\/p><\/blockquote>\n\n\n\n<p> Y es que despu\u00e9s de esta reuni\u00f3n, Monreal, quien aspira a ser candidato presidencial de su partido, asegur\u00f3 que el mitin fue un acto anticipado de campa\u00f1a, pero \u201cno voy a denunciar a nadie, porque quiero llevar la fiesta en paz\u201d con el resto de sus compa\u00f1eros. <\/p>\n\n\n\n<p>Insisti\u00f3 en que no es adecuado el uso de recursos p\u00fablicos para promociones personalizadas, y no ser\u00e1 violando la ley como se honrar\u00e1 la democracia, pues apunt\u00f3 que \u00e9l vio \u201ctodo un operativo que nadie puede negar que sean actos anticipados de campa\u00f1a\u201d. <\/p>\n\n\n\n<p>Coment\u00f3 que seguir\u00e1 siendo leal a los principios que originaron la formaci\u00f3n de la llamada Cuarta Transformaci\u00f3n, \u201crespetando la Constituci\u00f3n y la legalidad, realizando mi trabajo con eficiencia y esmero\u201d. <\/p>\n\n\n\n<p>Asimismo, advirti\u00f3 que \u201cdesde el poder se pueden construir artificialmente candidaturas, pero ser\u00e1n endebles, caprichosas\u201d. <\/p>\n\n\n\n<p>Fuente: <a href=\"https:\/\/www.milenio.com\/politica\/amlo-monreal-quieren-dirigentes-principios-politiqueros\" data-type=\"URL\" data-id=\"https:\/\/www.milenio.com\/politica\/amlo-monreal-quieren-dirigentes-principios-politiqueros\">Milenio<\/a><\/p>\n","protected":false},"excerpt":{"rendered":"<p>El presidente Andr\u00e9s Manuel L\u00f3pez Obrador dijo que los seguidores de Morena quieren un dirigente con principios y no a un politiquero, en respuesta a las cr\u00edticas que hizo el senador Ricardo Monreal por ser excluido del mitin morenista que se llev\u00f3 a cabo el domingo pasado en Toluca. En la conferencia ma\u00f1anera y sin [&hellip;]<\/p>\n","protected":false},"author":35,"featured_media":17222,"comment_status":"open","ping_status":"open","sticky":false,"template":"","format":"standard","meta":{"_monsterinsights_skip_tracking":false,"_monsterinsights_sitenote_active":false,"_monsterinsights_sitenote_note":"","_monsterinsights_sitenote_category":0,"footnotes":""},"categories":[158],"tags":[188,16026,3559,16027,600],"class_list":["post-59816","post","type-post","status-publish","format-standard","has-post-thumbnail","hentry","category-politica","tag-amlo","tag-dirigentes","tag-gente","tag-politiqueros","tag-ricardo-monreal","wp-image-borders"],"amp_enabled":true,"_links":{"self":[{"href":"https:\/\/nvnoticias.mx\/index.php\/wp-json\/wp\/v2\/posts\/59816","targetHints":{"allow":["GET"]}}],"collection":[{"href":"https:\/\/nvnoticias.mx\/index.php\/wp-json\/wp\/v2\/posts"}],"about":[{"href":"https:\/\/nvnoticias.mx\/index.php\/wp-json\/wp\/v2\/types\/post"}],"author":[{"embeddable":true,"href":"https:\/\/nvnoticias.mx\/index.php\/wp-json\/wp\/v2\/users\/35"}],"replies":[{"embeddable":true,"href":"https:\/\/nvnoticias.mx\/index.php\/wp-json\/wp\/v2\/comments?post=59816"}],"version-history":[{"count":5,"href":"https:\/\/nvnoticias.mx\/index.php\/wp-json\/wp\/v2\/posts\/59816\/revisions"}],"predecessor-version":[{"id":59821,"href":"https:\/\/nvnoticias.mx\/index.php\/wp-json\/wp\/v2\/posts\/59816\/revisions\/59821"}],"wp:featuredmedia":[{"embeddable":true,"href":"https:\/\/nvnoticias.mx\/index.php\/wp-json\/wp\/v2\/media\/17222"}],"wp:attachment":[{"href":"https:\/\/nvnoticias.mx\/index.php\/wp-json\/wp\/v2\/media?parent=59816"}],"wp:term":[{"taxonomy":"category","embeddable":true,"href":"https:\/\/nvnoticias.mx\/index.php\/wp-json\/wp\/v2\/categories?post=59816"},{"taxonomy":"post_tag","embeddable":true,"href":"https:\/\/nvnoticias.mx\/index.php\/wp-json\/wp\/v2\/tags?post=59816"}],"curies":[{"name":"wp","href":"https:\/\/api.w.org\/{rel}","templated":true}]}}