{"id":59799,"date":"2022-06-15T11:17:21","date_gmt":"2022-06-15T16:17:21","guid":{"rendered":"https:\/\/nvnoticias.mx\/?p=59799"},"modified":"2022-06-15T11:17:23","modified_gmt":"2022-06-15T16:17:23","slug":"citara-fiscalia-en-feminicidios-a-papa-de-debanhi-escobar","status":"publish","type":"post","link":"https:\/\/nvnoticias.mx\/index.php\/2022\/06\/15\/citara-fiscalia-en-feminicidios-a-papa-de-debanhi-escobar\/","title":{"rendered":"Citar\u00e1 Fiscal\u00eda en Feminicidios a pap\u00e1 de Debanhi Escobar"},"content":{"rendered":"\n<p>Luego de que la semana pasada asegurara que hay presuntos responsables sobre la muerte de su hija, l<strong>a Fiscal\u00eda Especializada en Feminicidios y Delitos contra la Mujer adelant\u00f3 que mandar\u00e1 llamar a Mario Escobar, padre de Debanhi<\/strong>, joven encontrada muerta en una cisterna del Motel Nueva Castilla, para integrar dicha informaci\u00f3n a la carpeta de investigaci\u00f3n.<\/p>\n\n\n\n<p>En entrevista posterior a la reuni\u00f3n diaria de seguridad en Palacio de Gobierno, Griselda N\u00fa\u00f1ez Espinosa, fiscal en Feminicidios, coment\u00f3 que\u00a0<strong>la informaci\u00f3n que iba a conocer el pap\u00e1 de Debanhi la semana pasada no est\u00e1 dentro de la carpeta de investigaci\u00f3n que ellos tienen.<\/strong><\/p>\n\n\n\n<blockquote class=\"wp-block-quote is-layout-flow wp-block-quote-is-layout-flow\"><p>\u201cContinuamos en los avances, lo m\u00e1s relevante es que el d\u00eda viernes el se\u00f1or Mario ha hecho unas referencias a la opini\u00f3n p\u00fablica respecto de diferente informaci\u00f3n que \u00e9l cuenta, y una investigaci\u00f3n que sabemos que \u00e9l ha hecho referencia, lo cual nos ha obligado a la Fiscal\u00eda a tomar atenci\u00f3n a estas declaraciones para poder allegar esta informaci\u00f3n, porque hasta el momento no obra dentro de la carpeta de investigaci\u00f3n.<\/p><\/blockquote>\n\n\n\n<blockquote class=\"wp-block-quote is-layout-flow wp-block-quote-is-layout-flow\"><p>\u201cEs lo que estamos pendientes para la integraci\u00f3n dentro de la carpeta que obra en la carpeta de investigaci\u00f3n que se tiene por la muerte de Debanhi, no obra esa informaci\u00f3n ah\u00ed, por lo cual, estaremos atentos en los pr\u00f3ximos d\u00edas para que se cite de manera puntual al se\u00f1or Mario e integre esa informaci\u00f3n dentro de la carpeta de investigaci\u00f3n que hay\u201d, dijo.<\/p><\/blockquote>\n\n\n\n<p>En cuanto el tema de la<strong>&nbsp;exhumaci\u00f3n de los restos de Debanhi<\/strong>, la funcionaria adelant\u00f3 que \u00e9sta se podr\u00eda llevar a finales del presente mes de junio debido a que se est\u00e1 solicitando la colaboraci\u00f3n de un perito de Guatemala, mismo que se enferm\u00f3 de covid-19 y se encuentra convaleciente en estos momentos.<\/p>\n\n\n\n<blockquote class=\"wp-block-quote is-layout-flow wp-block-quote-is-layout-flow\"><p>\u201cEl tema de la exhumaci\u00f3n lo tenemos a\u00fan pendiente, ah\u00ed hubo una situaci\u00f3n que se escapa de la Fiscal\u00eda; hay que recordar que dentro del grupo de trabajo interinstitucional que se ha tenido con Gobierno del Estado y tambi\u00e9n en el \u00e1mbito federal y por supuesto la Fiscal\u00eda, se acord\u00f3 llevar a cabo la exhumaci\u00f3n, en donde la familia tambi\u00e9n acord\u00f3 que participen una serie de m\u00e9dicos, entre ellos, un perito m\u00e9dico de Guatemala el cual, por situaciones ajenas a nosotros, el se\u00f1or tuvo una situaci\u00f3n m\u00e9dica a trav\u00e9s del contagio de covid, y se encuentra convaleciente, por lo cual estaremos en pr\u00f3ximos d\u00edas informando el tiempo para llevar a cabo esta exhumaci\u00f3n.<\/p><\/blockquote>\n\n\n\n<blockquote class=\"wp-block-quote is-layout-flow wp-block-quote-is-layout-flow\"><p>\u201cEstamos pr\u00f3ximos a revisar el tema con la familia, consideramos que a finales de este mismo mes podremos llevar a cabo la misma (la exhumaci\u00f3n), reiteramos que estamos atentos a la salud que se tenga de este perito de Guatemala para que pueda participar de manera puntual\u201d, refiri\u00f3.<\/p><\/blockquote>\n\n\n\n<p>Griselda concluy\u00f3 que&nbsp;<strong>el llamamiento que har\u00edan a Mario Escobar ser\u00eda en calidad de testigo.<\/strong><\/p>\n\n\n\n<blockquote class=\"wp-block-quote is-layout-flow wp-block-quote-is-layout-flow\"><p>\u201cEntendemos que la situaci\u00f3n que pueda tener la familia es de verdad importante que tengamos en consideraci\u00f3n de la situaci\u00f3n, el dolor que viven, entendemos que dentro de las investigaciones la funci\u00f3n que realiza la Comisi\u00f3n Ejecutiva de Atenci\u00f3n a V\u00edctimas en el \u00e1mbito federal es una pieza clave para que les puedan ir informando los actos de investigaci\u00f3n que realizan, sin embargo, dentro de la Fiscal\u00eda tomaremos especial atenci\u00f3n a estas peticiones para llevar a cabo una resoluci\u00f3n de la misma.<\/p><\/blockquote>\n\n\n\n<blockquote class=\"wp-block-quote is-layout-flow wp-block-quote-is-layout-flow\"><p>\u201c(El llamamiento al se\u00f1or Mario) ser\u00eda en calidad de testigo de esta referencia que \u00e9l hace para qu\u00e9 aporte la informaci\u00f3n que \u00e9l tiene\u201d, finaliz\u00f3.<\/p><\/blockquote>\n\n\n\n<p>Fuente: <a href=\"https:\/\/www.milenio.com\/politica\/fiscalia-de-nuevo-leon-citara-a-papa-de-debanhi-escobar\" data-type=\"URL\" data-id=\"https:\/\/www.milenio.com\/politica\/fiscalia-de-nuevo-leon-citara-a-papa-de-debanhi-escobar\">Milenio<\/a> <\/p>\n","protected":false},"excerpt":{"rendered":"<p>Luego de que la semana pasada asegurara que hay presuntos responsables sobre la muerte de su hija, la Fiscal\u00eda Especializada en Feminicidios y Delitos contra la Mujer adelant\u00f3 que mandar\u00e1 llamar a Mario Escobar, padre de Debanhi, joven encontrada muerta en una cisterna del Motel Nueva Castilla, para integrar dicha informaci\u00f3n a la carpeta de [&hellip;]<\/p>\n","protected":false},"author":35,"featured_media":52145,"comment_status":"open","ping_status":"open","sticky":false,"template":"","format":"standard","meta":{"_monsterinsights_skip_tracking":false,"_monsterinsights_sitenote_active":false,"_monsterinsights_sitenote_note":"","_monsterinsights_sitenote_category":0,"footnotes":""},"categories":[158],"tags":[16024,13453,16023,10902],"class_list":["post-59799","post","type-post","status-publish","format-standard","has-post-thumbnail","hentry","category-politica","tag-citara","tag-debanhi-escobar","tag-fiscalia-en-feminicidios","tag-papa-2","wp-image-borders"],"amp_enabled":true,"_links":{"self":[{"href":"https:\/\/nvnoticias.mx\/index.php\/wp-json\/wp\/v2\/posts\/59799","targetHints":{"allow":["GET"]}}],"collection":[{"href":"https:\/\/nvnoticias.mx\/index.php\/wp-json\/wp\/v2\/posts"}],"about":[{"href":"https:\/\/nvnoticias.mx\/index.php\/wp-json\/wp\/v2\/types\/post"}],"author":[{"embeddable":true,"href":"https:\/\/nvnoticias.mx\/index.php\/wp-json\/wp\/v2\/users\/35"}],"replies":[{"embeddable":true,"href":"https:\/\/nvnoticias.mx\/index.php\/wp-json\/wp\/v2\/comments?post=59799"}],"version-history":[{"count":5,"href":"https:\/\/nvnoticias.mx\/index.php\/wp-json\/wp\/v2\/posts\/59799\/revisions"}],"predecessor-version":[{"id":59804,"href":"https:\/\/nvnoticias.mx\/index.php\/wp-json\/wp\/v2\/posts\/59799\/revisions\/59804"}],"wp:featuredmedia":[{"embeddable":true,"href":"https:\/\/nvnoticias.mx\/index.php\/wp-json\/wp\/v2\/media\/52145"}],"wp:attachment":[{"href":"https:\/\/nvnoticias.mx\/index.php\/wp-json\/wp\/v2\/media?parent=59799"}],"wp:term":[{"taxonomy":"category","embeddable":true,"href":"https:\/\/nvnoticias.mx\/index.php\/wp-json\/wp\/v2\/categories?post=59799"},{"taxonomy":"post_tag","embeddable":true,"href":"https:\/\/nvnoticias.mx\/index.php\/wp-json\/wp\/v2\/tags?post=59799"}],"curies":[{"name":"wp","href":"https:\/\/api.w.org\/{rel}","templated":true}]}}