{"id":59714,"date":"2022-06-14T17:39:05","date_gmt":"2022-06-14T22:39:05","guid":{"rendered":"https:\/\/nvnoticias.mx\/?p=59714"},"modified":"2022-06-14T17:39:06","modified_gmt":"2022-06-14T22:39:06","slug":"delgado-pide-que-alito-se-quede-al-frente-del-pri","status":"publish","type":"post","link":"https:\/\/nvnoticias.mx\/index.php\/2022\/06\/14\/delgado-pide-que-alito-se-quede-al-frente-del-pri\/","title":{"rendered":"Delgado pide que &#8216;Alito&#8217; se quede al frente del PRI"},"content":{"rendered":"\n<p>Luego de que Alejandro Moreno se neg\u00f3 a dejar su cargo ante ex l\u00edderes del PRI, Mario Delgado, dirigente nacional de Morena, pidi\u00f3 que el ex gobernador de Campeche se mantenga al frente de ese partido. <\/p>\n\n\n\n<blockquote class=\"wp-block-quote is-layout-flow wp-block-quote-is-layout-flow\"><p>&#8220;<em>Con todo respeto y sin \u00e1nimo de andar de metiche, me permito dar mi humilde opini\u00f3n a los machuchones del PRI: Alejandro Moreno debe seguir<\/em>&#8220;, escribi\u00f3 en sus redes sociales.\u00a0 <\/p><\/blockquote>\n\n\n\n<figure class=\"wp-block-embed is-type-rich is-provider-twitter wp-block-embed-twitter\"><div class=\"wp-block-embed__wrapper\">\n<blockquote class=\"twitter-tweet\" data-width=\"550\" data-dnt=\"true\"><p lang=\"es\" dir=\"ltr\">Con todo respeto y sin \u00e1nimo de andar de metiche, me permito dar mi humilde opini\u00f3n a los machuchones del PRI: <a href=\"https:\/\/twitter.com\/alitomorenoc?ref_src=twsrc%5Etfw\">@alitomorenoc<\/a> debe seguir. Ha ayudado mucho al crecimiento de nuestro movimiento, en ese gran d\u00fao din\u00e1mico que ha formado con <a href=\"https:\/\/twitter.com\/MarkoCortes?ref_src=twsrc%5Etfw\">@MarkoCortes<\/a> y la derecha.  <a href=\"https:\/\/twitter.com\/hashtag\/FuerzaAlito?src=hash&amp;ref_src=twsrc%5Etfw\">#FuerzaAlito<\/a><\/p>&mdash; Mario Delgado (@mario_delgado) <a href=\"https:\/\/twitter.com\/mario_delgado\/status\/1536807420063793152?ref_src=twsrc%5Etfw\">June 14, 2022<\/a><\/blockquote><script async src=\"https:\/\/platform.twitter.com\/widgets.js\" charset=\"utf-8\"><\/script>\n<\/div><\/figure>\n\n\n\n<blockquote class=\"wp-block-quote is-layout-flow wp-block-quote-is-layout-flow\"><p>&#8220;<em>Ha ayudado mucho al crecimiento de nuestro movimiento, en ese gran d\u00fao din\u00e1mico que ha formado con Marko Cort\u00e9s y la derecha<\/em>&#8220;, agreg\u00f3. <\/p><\/blockquote>\n\n\n\n<p>Adem\u00e1s, el morenista acompa\u00f1\u00f3 el ir\u00f3nico mensaje con el hashtag #FuerzaAlito. <\/p>\n\n\n\n<p>Tras cuatro horas de reuni\u00f3n con ex presidentes del PRI, Alejandro Moreno asegur\u00f3 que durante el encuentro discutieron su salida como presidente; sin embargo, acordaron que se mantendr\u00e1 en el cargo hasta 19 de agosto del 2023, fecha en que concluye su periodo seg\u00fan los estatutos del partido.\u00a0 <\/p>\n\n\n\n<blockquote class=\"wp-block-quote is-layout-flow wp-block-quote-is-layout-flow\"><p>&#8220;<em>Lo que se hizo en los planteamientos fue la reflexi\u00f3n y el an\u00e1lisis de ir o no, de continuar en la dirigencia nacional del partido, (&#8230;) lo que dijimos nosotros es que fuimos electos para un periodo de cuatros a\u00f1os, a m\u00ed no me puso un Presidente de la Rep\u00fablica, sino la militancia<\/em>&#8220;, expuso. <\/p><\/blockquote>\n\n\n\n<p>Fuente: <a href=\"https:\/\/www.milenio.com\/politica\/mario-delgado-pide-alito-quede-frente-pri\">Milenio<\/a><\/p>\n","protected":false},"excerpt":{"rendered":"<p>Luego de que Alejandro Moreno se neg\u00f3 a dejar su cargo ante ex l\u00edderes del PRI, Mario Delgado, dirigente nacional de Morena, pidi\u00f3 que el ex gobernador de Campeche se mantenga al frente de ese partido. &#8220;Con todo respeto y sin \u00e1nimo de andar de metiche, me permito dar mi humilde opini\u00f3n a los machuchones [&hellip;]<\/p>\n","protected":false},"author":8,"featured_media":59715,"comment_status":"open","ping_status":"open","sticky":false,"template":"","format":"standard","meta":{"_monsterinsights_skip_tracking":false,"_monsterinsights_sitenote_active":false,"_monsterinsights_sitenote_note":"","_monsterinsights_sitenote_category":0,"footnotes":""},"categories":[158],"tags":[15761,549,208],"class_list":["post-59714","post","type-post","status-publish","format-standard","has-post-thumbnail","hentry","category-politica","tag-alito","tag-mario-delgado","tag-pri","wp-image-borders"],"amp_enabled":true,"_links":{"self":[{"href":"https:\/\/nvnoticias.mx\/index.php\/wp-json\/wp\/v2\/posts\/59714","targetHints":{"allow":["GET"]}}],"collection":[{"href":"https:\/\/nvnoticias.mx\/index.php\/wp-json\/wp\/v2\/posts"}],"about":[{"href":"https:\/\/nvnoticias.mx\/index.php\/wp-json\/wp\/v2\/types\/post"}],"author":[{"embeddable":true,"href":"https:\/\/nvnoticias.mx\/index.php\/wp-json\/wp\/v2\/users\/8"}],"replies":[{"embeddable":true,"href":"https:\/\/nvnoticias.mx\/index.php\/wp-json\/wp\/v2\/comments?post=59714"}],"version-history":[{"count":1,"href":"https:\/\/nvnoticias.mx\/index.php\/wp-json\/wp\/v2\/posts\/59714\/revisions"}],"predecessor-version":[{"id":59716,"href":"https:\/\/nvnoticias.mx\/index.php\/wp-json\/wp\/v2\/posts\/59714\/revisions\/59716"}],"wp:featuredmedia":[{"embeddable":true,"href":"https:\/\/nvnoticias.mx\/index.php\/wp-json\/wp\/v2\/media\/59715"}],"wp:attachment":[{"href":"https:\/\/nvnoticias.mx\/index.php\/wp-json\/wp\/v2\/media?parent=59714"}],"wp:term":[{"taxonomy":"category","embeddable":true,"href":"https:\/\/nvnoticias.mx\/index.php\/wp-json\/wp\/v2\/categories?post=59714"},{"taxonomy":"post_tag","embeddable":true,"href":"https:\/\/nvnoticias.mx\/index.php\/wp-json\/wp\/v2\/tags?post=59714"}],"curies":[{"name":"wp","href":"https:\/\/api.w.org\/{rel}","templated":true}]}}