{"id":59498,"date":"2022-06-14T09:47:09","date_gmt":"2022-06-14T14:47:09","guid":{"rendered":"https:\/\/nvnoticias.mx\/?p=59498"},"modified":"2022-06-14T09:50:47","modified_gmt":"2022-06-14T14:50:47","slug":"otorga-chile-y-panama-beneplacito-a-alicia-barcena-y-jesusa-rodriguez-como-embajadoras-de-mexico","status":"publish","type":"post","link":"https:\/\/nvnoticias.mx\/index.php\/2022\/06\/14\/otorga-chile-y-panama-beneplacito-a-alicia-barcena-y-jesusa-rodriguez-como-embajadoras-de-mexico\/","title":{"rendered":"Otorga Chile y Panam\u00e1 benepl\u00e1cito a Alicia B\u00e1rcena y Jesusa Rodr\u00edguez como embajadoras de M\u00e9xico"},"content":{"rendered":"\n<p>El secretario de&nbsp;<strong>Relaciones Exteriores, Marcelo Ebrard Casaubon<\/strong>, inform\u00f3 que el&nbsp;<strong>gobierno mexicano<\/strong>&nbsp;solicit\u00f3 el benepl\u00e1cito al gobierno de<strong>&nbsp;Colombia<\/strong>&nbsp;para nombrar como<strong>&nbsp;nueva embajadora de M\u00e9xico<\/strong>&nbsp;en ese pa\u00eds a&nbsp;<strong>Patricia Ruiz Anchondo<\/strong>.<\/p>\n\n\n\n<blockquote class=\"wp-block-quote is-layout-flow wp-block-quote-is-layout-flow\"><p>\u201cSu \u00faltimo cargo m\u00e1s reciente fue procuradora Social de la Ciudad de M\u00e9xico ya lo hab\u00eda sido antes y su brillante papel tambi\u00e9n una compa\u00f1era entra\u00f1able, muchos a\u00f1os que ha tenido una muy destacada percepci\u00f3n p\u00fablica\u201d.<\/p><\/blockquote>\n\n\n\n<p>En la conferencia de prensa del&nbsp;<strong>presidente Andr\u00e9s Manuel L\u00f3pez<\/strong>, el canciller Ebrard dijo que el gobierno de Chile otorg\u00f3 el benepl\u00e1cito como nueva embajadora a Alicia Barcenas Ibarra, quien se desempe\u00f1aba como secretaria ejecutiva de la Comisi\u00f3n Econ\u00f3mica de Am\u00e9rica Latina y el Caribe (CEPAL) en la Organizaci\u00f3n de las Naciones Unidas.<\/p>\n\n\n\n<p>Se\u00f1al\u00f3 que el gobierno de Panam\u00e1 tambi\u00e9n otorg\u00f3 su benepl\u00e1cito como nueva embajadora de M\u00e9xico en ese pa\u00eds a Laura Mar\u00eda de Jes\u00fas Rodr\u00edguez Ram\u00edrez, mejor conocida como Jesusa Rodr\u00edguez.<\/p>\n\n\n\n<blockquote class=\"wp-block-quote is-layout-flow wp-block-quote-is-layout-flow\"><p>\u201cUstedes la conocen muy bien; entra\u00f1able compa\u00f1era, amiga, destacad\u00edsima feminista, una mujer que ha hecho much\u00edsimo por el teatro, por los espacios alternativos y bueno, compa\u00f1era nuestra desde hace much\u00edsimos a\u00f1os en luchas pol\u00edticas\u201d.<\/p><\/blockquote>\n\n\n\n<p>El canciller Ebrard destac\u00f3 que son tres mujeres, \u201cpol\u00edtica exterior feminista y reconocimiento a perfiles diversos que representan la riqueza de la presencia femenina en M\u00e9xico y en nuestra pol\u00edtica exterior. Cumplido, se\u00f1or presidente\u201d.<\/p>\n\n\n\n<p>Fuente: <a href=\"https:\/\/www.eluniversal.com.mx\/nacion\/chile-y-panama-dan-beneplacito-alicia-barcena-y-jesusa-rodriguez-como-embajadoras-de-mexico\" data-type=\"URL\" data-id=\"https:\/\/www.eluniversal.com.mx\/nacion\/chile-y-panama-dan-beneplacito-alicia-barcena-y-jesusa-rodriguez-como-embajadoras-de-mexico\">El universal<\/a><\/p>\n","protected":false},"excerpt":{"rendered":"<p>El secretario de&nbsp;Relaciones Exteriores, Marcelo Ebrard Casaubon, inform\u00f3 que el&nbsp;gobierno mexicano&nbsp;solicit\u00f3 el benepl\u00e1cito al gobierno de&nbsp;Colombia&nbsp;para nombrar como&nbsp;nueva embajadora de M\u00e9xico&nbsp;en ese pa\u00eds a&nbsp;Patricia Ruiz Anchondo. \u201cSu \u00faltimo cargo m\u00e1s reciente fue procuradora Social de la Ciudad de M\u00e9xico ya lo hab\u00eda sido antes y su brillante papel tambi\u00e9n una compa\u00f1era entra\u00f1able, muchos a\u00f1os que [&hellip;]<\/p>\n","protected":false},"author":35,"featured_media":14758,"comment_status":"open","ping_status":"open","sticky":false,"template":"","format":"standard","meta":{"_monsterinsights_skip_tracking":false,"_monsterinsights_sitenote_active":false,"_monsterinsights_sitenote_note":"","_monsterinsights_sitenote_category":0,"footnotes":""},"categories":[158],"tags":[12723,9444,472,15968,4132,292,11672,1803],"class_list":["post-59498","post","type-post","status-publish","format-standard","has-post-thumbnail","hentry","category-politica","tag-alicia-barcena","tag-beneplacito","tag-chile","tag-embajadoras","tag-jesusa-rodriguez","tag-mexico","tag-otorga","tag-panama","wp-image-borders"],"amp_enabled":true,"_links":{"self":[{"href":"https:\/\/nvnoticias.mx\/index.php\/wp-json\/wp\/v2\/posts\/59498","targetHints":{"allow":["GET"]}}],"collection":[{"href":"https:\/\/nvnoticias.mx\/index.php\/wp-json\/wp\/v2\/posts"}],"about":[{"href":"https:\/\/nvnoticias.mx\/index.php\/wp-json\/wp\/v2\/types\/post"}],"author":[{"embeddable":true,"href":"https:\/\/nvnoticias.mx\/index.php\/wp-json\/wp\/v2\/users\/35"}],"replies":[{"embeddable":true,"href":"https:\/\/nvnoticias.mx\/index.php\/wp-json\/wp\/v2\/comments?post=59498"}],"version-history":[{"count":7,"href":"https:\/\/nvnoticias.mx\/index.php\/wp-json\/wp\/v2\/posts\/59498\/revisions"}],"predecessor-version":[{"id":59505,"href":"https:\/\/nvnoticias.mx\/index.php\/wp-json\/wp\/v2\/posts\/59498\/revisions\/59505"}],"wp:featuredmedia":[{"embeddable":true,"href":"https:\/\/nvnoticias.mx\/index.php\/wp-json\/wp\/v2\/media\/14758"}],"wp:attachment":[{"href":"https:\/\/nvnoticias.mx\/index.php\/wp-json\/wp\/v2\/media?parent=59498"}],"wp:term":[{"taxonomy":"category","embeddable":true,"href":"https:\/\/nvnoticias.mx\/index.php\/wp-json\/wp\/v2\/categories?post=59498"},{"taxonomy":"post_tag","embeddable":true,"href":"https:\/\/nvnoticias.mx\/index.php\/wp-json\/wp\/v2\/tags?post=59498"}],"curies":[{"name":"wp","href":"https:\/\/api.w.org\/{rel}","templated":true}]}}