{"id":59464,"date":"2022-06-13T17:46:58","date_gmt":"2022-06-13T22:46:58","guid":{"rendered":"https:\/\/nvnoticias.mx\/?p=59464"},"modified":"2022-06-13T17:47:00","modified_gmt":"2022-06-13T22:47:00","slug":"pacto-de-toluca-fue-acto-anticipado-de-campana-monreal","status":"publish","type":"post","link":"https:\/\/nvnoticias.mx\/index.php\/2022\/06\/13\/pacto-de-toluca-fue-acto-anticipado-de-campana-monreal\/","title":{"rendered":"\u201cPacto de Toluca\u201d fue acto anticipado de campa\u00f1a: Monreal"},"content":{"rendered":"\n<p>El coordinador de Morena en el Senado, Ricardo Monreal, consider\u00f3 que el evento de su partido denominado \u201cPacto de Toluca\u201d en el Estado de M\u00e9xico fue un acto anticipado de campa\u00f1a, pero \u00e9l no presentar\u00e1 ninguna denuncia. <\/p>\n\n\n\n<p>Adem\u00e1s, afirm\u00f3 que no va a declinar en su aspiraci\u00f3n por la candidatura presidencial, \u201cno voy a sucumbir y tampoco voy a aceptar estas exclusiones que lastiman a la militancia y a quienes aspiramos a un proceso equitativo, con reglas claras y piso parejo\u201d. <\/p>\n\n\n\n<blockquote class=\"wp-block-quote is-layout-flow wp-block-quote-is-layout-flow\"><p>\u201c<em>Yo no voy a denunciar a nadie, quiero llevar la fiesta en paz son compa\u00f1eros del movimiento y deber\u00eda estar mal denunciar a un compa\u00f1ero por estas infracciones yo no lo voy a hacer como no estoy haciendo actos previos<\/em>\u201d, subray\u00f3. <\/p><\/blockquote>\n\n\n\n<p>En rueda de prensa, se le pregunt\u00f3 a Monreal, quien tambi\u00e9n aspira a ser el candidato de Morena a la Presidencia de la Rep\u00fablica en 2024, sobre el evento que organiz\u00f3 su partido este domingo, en el Teatro \u201cMorelos\u201d, en Toluca, en el que participaron las llamadas \u201ccorcholatas\u201d, la jefa de Gobierno de la Ciudad de M\u00e9xico, Claudia Sheinbaum; el secretario de Gobernaci\u00f3n; Ad\u00e1n Augusto L\u00f3pez y Marcelo Ebrard, secretario de Relaciones Exteriores. <\/p>\n\n\n\n<p>Al respecto, Monreal insisti\u00f3 en que no es adecuada la utilizaci\u00f3n de recursos p\u00fablicos para promociones personalizadas y tampoco ser\u00e1 violando la ley como se honrar\u00e1 la democracia, pues dijo que \u00e9l vio camiones, espectaculares, letreros, playeras, \u201ctodo un operativo que nadie puede negar que sean actos anticipados de campa\u00f1a. Pero, en todo caso, yo no califico eso\u201d, pues mencion\u00f3 que eso corresponde calificarlo el INE y luego el Tribunal. <\/p>\n\n\n\n<p>Se\u00f1al\u00f3 que L\u00f3pez, Ebrard y Sheinbaum est\u00e1n impedidos a hacer precampa\u00f1as electorales y explic\u00f3 por qu\u00e9 \u201chay jurisprudencia que no basta con que pidas permiso o pidas que se te exente el pago del d\u00eda o que te descuenten, no, la funci\u00f3n no tiene descanso, todos son d\u00edas en los que no te puedes quitar la camiseta por la noche y pon\u00e9rtela en la ma\u00f1ana, eso no se puede, esa es la naturaleza jur\u00eddica de la definici\u00f3n de servidor p\u00fablico\u201d. <\/p>\n\n\n\n<p>El tambi\u00e9n presidente de la Junta de Coordinaci\u00f3n Pol\u00edtica (Jucopo) coment\u00f3 que seguir\u00e1 siendo leal a los principios que originaron la formaci\u00f3n de la Cuarta Transformaci\u00f3n, lo cual implica y requiere libertad e inclusi\u00f3n y reiter\u00f3 que \u201cseguir\u00e9 en la lucha, pero sobre todo respetando la Constituci\u00f3n y la legalidad, realizando mi trabajo con eficiencia y con esmero\u201d. <\/p>\n\n\n\n<p>Asever\u00f3 que \u201cno ser\u00e9, como nunca he sido, incondicional de facciones, porque estoy convencido de que en Morena habemos distintas opciones, no s\u00f3lo la que nos imponen y agotaremos el derecho que nos asiste a participar en un proceso democr\u00e1tico, abierto, con piso parejo, con reglas claras que hasta ahora no lo hemos tenido.\u201d. <\/p>\n\n\n\n<p>Reiter\u00f3 que no le preocupa si se generan facciones en el partido, \u201cpues va a terminar mal, si hay exclusi\u00f3n en el partido habr\u00e1 divisi\u00f3n al final, aunque se simule, aunque se lleven miles y miles de personas a actos que previamente fueron seleccionados por los aspirantes\u201d.<\/p>\n\n\n\n<p> Monreal revel\u00f3 que no fue invitado al desayuno denominado de la Unidad, que organiz\u00f3 Morena: \u201cno fui invitado al desayuno denominado de \u201cla unidad\u201d solo recib\u00ed el jueves o el viernes una llamada telef\u00f3nica del presidente Mario Delgado para que, a trav\u00e9s m\u00edo, se les invitara a los senadores y las senadoras a asistir al acto de las 11 de la ma\u00f1ana eso fue todo\u201d. <\/p>\n\n\n\n<p>Y afirm\u00f3 que es un \u201ctimbre de orgullo que me excluyan\u201d de este evento que organiz\u00f3 Morena en el estado de M\u00e9xico. <\/p>\n\n\n\n<p>Fuente: <a href=\"https:\/\/www.milenio.com\/politica\/monreal-denuncia-acto-anticipado-de-morena-en-el-estado-de-mexico\">Milenio<\/a><\/p>\n","protected":false},"excerpt":{"rendered":"<p>El coordinador de Morena en el Senado, Ricardo Monreal, consider\u00f3 que el evento de su partido denominado \u201cPacto de Toluca\u201d en el Estado de M\u00e9xico fue un acto anticipado de campa\u00f1a, pero \u00e9l no presentar\u00e1 ninguna denuncia. Adem\u00e1s, afirm\u00f3 que no va a declinar en su aspiraci\u00f3n por la candidatura presidencial, \u201cno voy a sucumbir [&hellip;]<\/p>\n","protected":false},"author":8,"featured_media":3990,"comment_status":"open","ping_status":"open","sticky":false,"template":"","format":"standard","meta":{"_monsterinsights_skip_tracking":false,"_monsterinsights_sitenote_active":false,"_monsterinsights_sitenote_note":"","_monsterinsights_sitenote_category":0,"footnotes":""},"categories":[158],"tags":[15966,600],"class_list":["post-59464","post","type-post","status-publish","format-standard","has-post-thumbnail","hentry","category-politica","tag-pacto-de-toluca","tag-ricardo-monreal","wp-image-borders"],"amp_enabled":true,"_links":{"self":[{"href":"https:\/\/nvnoticias.mx\/index.php\/wp-json\/wp\/v2\/posts\/59464","targetHints":{"allow":["GET"]}}],"collection":[{"href":"https:\/\/nvnoticias.mx\/index.php\/wp-json\/wp\/v2\/posts"}],"about":[{"href":"https:\/\/nvnoticias.mx\/index.php\/wp-json\/wp\/v2\/types\/post"}],"author":[{"embeddable":true,"href":"https:\/\/nvnoticias.mx\/index.php\/wp-json\/wp\/v2\/users\/8"}],"replies":[{"embeddable":true,"href":"https:\/\/nvnoticias.mx\/index.php\/wp-json\/wp\/v2\/comments?post=59464"}],"version-history":[{"count":1,"href":"https:\/\/nvnoticias.mx\/index.php\/wp-json\/wp\/v2\/posts\/59464\/revisions"}],"predecessor-version":[{"id":59465,"href":"https:\/\/nvnoticias.mx\/index.php\/wp-json\/wp\/v2\/posts\/59464\/revisions\/59465"}],"wp:featuredmedia":[{"embeddable":true,"href":"https:\/\/nvnoticias.mx\/index.php\/wp-json\/wp\/v2\/media\/3990"}],"wp:attachment":[{"href":"https:\/\/nvnoticias.mx\/index.php\/wp-json\/wp\/v2\/media?parent=59464"}],"wp:term":[{"taxonomy":"category","embeddable":true,"href":"https:\/\/nvnoticias.mx\/index.php\/wp-json\/wp\/v2\/categories?post=59464"},{"taxonomy":"post_tag","embeddable":true,"href":"https:\/\/nvnoticias.mx\/index.php\/wp-json\/wp\/v2\/tags?post=59464"}],"curies":[{"name":"wp","href":"https:\/\/api.w.org\/{rel}","templated":true}]}}