{"id":594,"date":"2021-01-06T16:27:15","date_gmt":"2021-01-06T22:27:15","guid":{"rendered":"https:\/\/nvnoticias.mx\/?p=594"},"modified":"2021-01-06T16:27:15","modified_gmt":"2021-01-06T22:27:15","slug":"va-la-fgr-contra-exfuncionarios-y-politicos-senalados-por-lozoya","status":"publish","type":"post","link":"https:\/\/nvnoticias.mx\/index.php\/2021\/01\/06\/va-la-fgr-contra-exfuncionarios-y-politicos-senalados-por-lozoya\/","title":{"rendered":"Va la FGR contra exfuncionarios y pol\u00edticos se\u00f1alados por Lozoya"},"content":{"rendered":"\n<p>La Fiscal\u00eda General de la Rep\u00fablica (FGR) inform\u00f3\u00a0que la pr\u00f3xima semana judicializar\u00e1 la carpeta de investigaci\u00f3n iniciada por la denuncia que present\u00f3 el ex director de Petr\u00f3leos Mexicanos (Pemex),\u00a0Emilio Lozoya\u00a0contra diversos ex funcionarios por actos de corrupci\u00f3n.<\/p>\n\n\n\n<p>Por primera vez, y sin precisar contra qui\u00e9n judicializar\u00e1 la carpeta, la FGR anunci\u00f3 su siguiente paso en el caso Lozoya.<\/p>\n\n\n\n<p>A trav\u00e9s de un comunicado, la FGR se\u00f1al\u00f3 que en la carpeta de investigaci\u00f3n que deriv\u00f3 de la denuncia presentada por Lozoya el 11 de agosto de 2020, ya realiz\u00f3 las diligencias necesarias para llevarla ante un juez federal y proceder contra quien o quienes resulten responsables y de quienes ya se cuenta con elementos probatorios suficientes.<\/p>\n\n\n\n<blockquote class=\"wp-block-quote is-layout-flow wp-block-quote-is-layout-flow\"><p>\u201cLa pr\u00f3xima semana se judicializar\u00e1 en contra de quien o quienes ya se cuenten con elementos probatorios suficientes, quedando el desglose correspondiente hasta culminar con el an\u00e1lisis de cada uno de los casos denunciados\u201d, se\u00f1al\u00f3.<\/p><\/blockquote>\n\n\n\n<p>El anuncio fue realizado luego de que el presidente Andr\u00e9s Manuel L\u00f3pez Obrador reclam\u00f3 durante su conferencia matutina a la FGR que las investigaciones sobre el caso Lozoya ya demoraron \u201cmucho tiempo\u201d y destac\u00f3 la importancia de que la fiscal\u00eda informe el estado que guardan las mismas.<\/p>\n\n\n\n<p>En el documento, la FGR se\u00f1al\u00f3 que Lozoya present\u00f3 la denuncia como parte de su petici\u00f3n para obtener un criterio de oportunidad en las acusaciones que se siguen en su contra.<\/p>\n\n\n\n<p>Fuente: El Universal<\/p>\n","protected":false},"excerpt":{"rendered":"<p>La Fiscal\u00eda General de la Rep\u00fablica (FGR) inform\u00f3\u00a0que la pr\u00f3xima semana judicializar\u00e1 la carpeta de investigaci\u00f3n iniciada por la denuncia que present\u00f3 el ex director de Petr\u00f3leos Mexicanos (Pemex),\u00a0Emilio Lozoya\u00a0contra diversos ex funcionarios por actos de corrupci\u00f3n. Por primera vez, y sin precisar contra qui\u00e9n judicializar\u00e1 la carpeta, la FGR anunci\u00f3 su siguiente paso en [&hellip;]<\/p>\n","protected":false},"author":6,"featured_media":595,"comment_status":"open","ping_status":"open","sticky":false,"template":"","format":"standard","meta":{"_monsterinsights_skip_tracking":false,"_monsterinsights_sitenote_active":false,"_monsterinsights_sitenote_note":"","_monsterinsights_sitenote_category":0,"footnotes":""},"categories":[157],"tags":[225,226,224],"class_list":["post-594","post","type-post","status-publish","format-standard","has-post-thumbnail","hentry","category-nacional","tag-exfuncionarios","tag-fgr","tag-lozoya","wp-image-borders"],"amp_enabled":true,"_links":{"self":[{"href":"https:\/\/nvnoticias.mx\/index.php\/wp-json\/wp\/v2\/posts\/594","targetHints":{"allow":["GET"]}}],"collection":[{"href":"https:\/\/nvnoticias.mx\/index.php\/wp-json\/wp\/v2\/posts"}],"about":[{"href":"https:\/\/nvnoticias.mx\/index.php\/wp-json\/wp\/v2\/types\/post"}],"author":[{"embeddable":true,"href":"https:\/\/nvnoticias.mx\/index.php\/wp-json\/wp\/v2\/users\/6"}],"replies":[{"embeddable":true,"href":"https:\/\/nvnoticias.mx\/index.php\/wp-json\/wp\/v2\/comments?post=594"}],"version-history":[{"count":1,"href":"https:\/\/nvnoticias.mx\/index.php\/wp-json\/wp\/v2\/posts\/594\/revisions"}],"predecessor-version":[{"id":596,"href":"https:\/\/nvnoticias.mx\/index.php\/wp-json\/wp\/v2\/posts\/594\/revisions\/596"}],"wp:featuredmedia":[{"embeddable":true,"href":"https:\/\/nvnoticias.mx\/index.php\/wp-json\/wp\/v2\/media\/595"}],"wp:attachment":[{"href":"https:\/\/nvnoticias.mx\/index.php\/wp-json\/wp\/v2\/media?parent=594"}],"wp:term":[{"taxonomy":"category","embeddable":true,"href":"https:\/\/nvnoticias.mx\/index.php\/wp-json\/wp\/v2\/categories?post=594"},{"taxonomy":"post_tag","embeddable":true,"href":"https:\/\/nvnoticias.mx\/index.php\/wp-json\/wp\/v2\/tags?post=594"}],"curies":[{"name":"wp","href":"https:\/\/api.w.org\/{rel}","templated":true}]}}