{"id":59378,"date":"2022-06-13T13:14:55","date_gmt":"2022-06-13T18:14:55","guid":{"rendered":"https:\/\/nvnoticias.mx\/?p=59378"},"modified":"2022-06-13T13:47:26","modified_gmt":"2022-06-13T18:47:26","slug":"anuncian-el-carnaval-de-la-nieve-de-coco-en-lerdo-de-tejada","status":"publish","type":"post","link":"https:\/\/nvnoticias.mx\/index.php\/2022\/06\/13\/anuncian-el-carnaval-de-la-nieve-de-coco-en-lerdo-de-tejada\/","title":{"rendered":"Anuncian el Carnaval de la Nieve de Coco en Lerdo de Tejada"},"content":{"rendered":"\n<p><strong>Jes\u00fas Utrilla \/ NV Noticias<\/strong><\/p>\n\n\n\n<p>Con la finalidad de atraer turismo el Ayuntamiento de Lerdo de Tejada llevar\u00e1 a cabo el Carnaval de la Nieve de Coco.<\/p>\n\n\n\n<p>Ser\u00e1 del 29 de julio al 7 de agosto y de acuerdo a la alcaldesa Mar\u00eda Esther Arr\u00f3niz L\u00f3pez, habr\u00e1 conciertos y actividades diversas.<\/p>\n\n\n\n<p>El carnaval de la nieve se llevar\u00e1 a cabo nuevamente de manera presencia, pues dicho municipio se caracteriza por la venta de dicho producto.<\/p>\n\n\n\n<figure class=\"wp-block-image\"><img decoding=\"async\" src=\"http:\/\/www.fuerzanoticias.com\/wp-content\/uploads\/2022\/05\/7634C9C5-D455-406D-8897-141CF6567870-960x960.jpeg\" alt=\"Gobierno de Lerdo de Tejada anuncia Carnaval de la Nieve de Coco 2022 -  Fuerza Noticias\"\/><\/figure>\n\n\n\n<p>La fiesta com\u00fanmente se efect\u00faa en marzo con las fiestas patronales en honor a San Jos\u00e9, pero por la pandemia se decidi\u00f3 efectuarla en julio.<\/p>\n\n\n\n<p>La degustaci\u00f3n de la nieve ser\u00e1 el 5 de agosto, igual que el desfile de los neveros.<\/p>\n\n\n\n<blockquote class=\"wp-block-quote is-layout-flow wp-block-quote-is-layout-flow\"><p>\u201c<em>En otras ediciones solo hab\u00eda degustaci\u00f3n de la nieve y era un d\u00eda. Ahorita se est\u00e1 juntando el carnaval con lo del festival de la nieve de coco. Habr\u00e1 desfile de neveros y llegar\u00e1n al parque para se d\u00e9 la degustaci\u00f3<\/em>n\u201d.<\/p><\/blockquote>\n\n\n\n<p>Se coronar\u00e1 a la Corte Real que est\u00e1 conformada&nbsp; por Jennifer Naf\u00eds Morales Mart\u00ednez como reina y Alex Zamudio Cruz como rey, entre otros integrantes.<\/p>\n\n\n\n<p>Isis Cazar\u00edn Sebas, ser\u00e1 la Embajadora de la Nieve de Coco.<\/p>\n\n\n\n<p>Dependiendo de los neveros que se registren ser\u00e1n los litros que se ofrezca al p\u00fablico que asista a las fiestas de Lerdo de Tejada.<\/p>\n","protected":false},"excerpt":{"rendered":"<p>Jes\u00fas Utrilla \/ NV Noticias Con la finalidad de atraer turismo el Ayuntamiento de Lerdo de Tejada llevar\u00e1 a cabo el Carnaval de la Nieve de Coco. Ser\u00e1 del 29 de julio al 7 de agosto y de acuerdo a la alcaldesa Mar\u00eda Esther Arr\u00f3niz L\u00f3pez, habr\u00e1 conciertos y actividades diversas. El carnaval de la [&hellip;]<\/p>\n","protected":false},"author":8,"featured_media":59397,"comment_status":"open","ping_status":"open","sticky":false,"template":"","format":"standard","meta":{"_monsterinsights_skip_tracking":false,"_monsterinsights_sitenote_active":false,"_monsterinsights_sitenote_note":"","_monsterinsights_sitenote_category":0,"footnotes":""},"categories":[154],"tags":[15956,2595],"class_list":["post-59378","post","type-post","status-publish","format-standard","has-post-thumbnail","hentry","category-veracruz","tag-carnaval-de-la-nieve-de-coco","tag-lerdo-de-tejada","wp-image-borders"],"amp_enabled":true,"_links":{"self":[{"href":"https:\/\/nvnoticias.mx\/index.php\/wp-json\/wp\/v2\/posts\/59378","targetHints":{"allow":["GET"]}}],"collection":[{"href":"https:\/\/nvnoticias.mx\/index.php\/wp-json\/wp\/v2\/posts"}],"about":[{"href":"https:\/\/nvnoticias.mx\/index.php\/wp-json\/wp\/v2\/types\/post"}],"author":[{"embeddable":true,"href":"https:\/\/nvnoticias.mx\/index.php\/wp-json\/wp\/v2\/users\/8"}],"replies":[{"embeddable":true,"href":"https:\/\/nvnoticias.mx\/index.php\/wp-json\/wp\/v2\/comments?post=59378"}],"version-history":[{"count":2,"href":"https:\/\/nvnoticias.mx\/index.php\/wp-json\/wp\/v2\/posts\/59378\/revisions"}],"predecessor-version":[{"id":59398,"href":"https:\/\/nvnoticias.mx\/index.php\/wp-json\/wp\/v2\/posts\/59378\/revisions\/59398"}],"wp:featuredmedia":[{"embeddable":true,"href":"https:\/\/nvnoticias.mx\/index.php\/wp-json\/wp\/v2\/media\/59397"}],"wp:attachment":[{"href":"https:\/\/nvnoticias.mx\/index.php\/wp-json\/wp\/v2\/media?parent=59378"}],"wp:term":[{"taxonomy":"category","embeddable":true,"href":"https:\/\/nvnoticias.mx\/index.php\/wp-json\/wp\/v2\/categories?post=59378"},{"taxonomy":"post_tag","embeddable":true,"href":"https:\/\/nvnoticias.mx\/index.php\/wp-json\/wp\/v2\/tags?post=59378"}],"curies":[{"name":"wp","href":"https:\/\/api.w.org\/{rel}","templated":true}]}}