{"id":5933,"date":"2021-02-26T13:09:10","date_gmt":"2021-02-26T19:09:10","guid":{"rendered":"https:\/\/nvnoticias.mx\/?p=5933"},"modified":"2021-02-26T13:11:09","modified_gmt":"2021-02-26T19:11:09","slug":"tev-advierte-que-endurecera-sanciones","status":"publish","type":"post","link":"https:\/\/nvnoticias.mx\/index.php\/2021\/02\/26\/tev-advierte-que-endurecera-sanciones\/","title":{"rendered":"TEV advierte que endurecer\u00e1 sanciones contra Congreso de Veracruz"},"content":{"rendered":"\n<p><strong>Sam Ojeda \/ NV Noticias<\/strong><\/p>\n\n\n\n<p>Xalapa.- La magistrada presidenta del Tribunal Electoral de Veracruz (TEV), Claudia D\u00edaz Tablada, advirti\u00f3 que pod\u00edan recurrir al auxilio de la fuerza p\u00fablica para que el Congreso del estado acate la resoluci\u00f3n de llamar a Jos\u00e9 Alfredo L\u00f3pez Carreto como suplente en la presidencia municipal de Actopan.<\/p>\n\n\n\n<p>Dijo que aunque el Congreso se niegue a llamarlo, el TEV seguir\u00e1 imponiendo medidas de apremio a la Legislatura para que cumpla con la sentencia.&nbsp; &nbsp;<\/p>\n\n\n\n<blockquote class=\"wp-block-quote is-layout-flow wp-block-quote-is-layout-flow\"><p>\u201cLo cierto es que empezamos a imponer medidas de apremio y estas pueden ir increment\u00e1ndose, pueden ser amonestaciones, multas, y se tendr\u00e1n que imponer al Congreso las que sean necesarias porque tenemos que garantizar que la sentencia que emitimos sea cumplida, incluso algo que se llama auxilio de la fuerza p\u00fablica\u201d.<\/p><\/blockquote>\n\n\n\n<p>Cabe destacar que los diputados locales han se\u00f1alado que no pueden actuar hasta en tanto la Suprema Corte de Justicia de la Naci\u00f3n (SCJN) no resuelva el recurso de controversia constitucional ante el desafuero del alcalde Jos\u00e9 Paulino Dom\u00ednguez.<\/p>\n\n\n\n<p>La magistrada dijo que ha habido complicaciones para el cumplimiento de la sentencia y que actualmente es la s\u00edndica Nayeli Toral Ruiz quien funge en el cargo como alcaldesa en Actopan, lo cual dijo no fue lo ordenado por el TEV.&nbsp;<\/p>\n\n\n\n<blockquote class=\"wp-block-quote is-layout-flow wp-block-quote-is-layout-flow\"><p>\u201cPusieron a otra persona, nombraron a una persona distinta y no era lo ordenado en la sentencia. Lo que vamos a hacer es seguir vigilando su cumplimiento y en su caso poner las medidas que resulten (&#8230;) Lo cierto es que vamos tener que garantizar y tratar de imponer estas medidas, si no es con una multa, una multa m\u00e1s grande, que se puede doblar la cantidad\u201d.<\/p><\/blockquote>\n\n\n\n<p>Recientemente el TEV orden\u00f3 al Congreso llamar a L\u00f3pez Carreto como alcalde suplente de Actopan, y ante la negativa la presidenta de la Mesa Directiva del Congreso de Veracruz, Adriana Paola Linares Capitanachi, fue ingresada en el cat\u00e1logo de funcionarios sancionados del TEV.<\/p>\n","protected":false},"excerpt":{"rendered":"<p>Sam Ojeda \/ NV Noticias Xalapa.- La magistrada presidenta del Tribunal Electoral de Veracruz (TEV), Claudia D\u00edaz Tablada, advirti\u00f3 que pod\u00edan recurrir al auxilio de la fuerza p\u00fablica para que el Congreso del estado acate la resoluci\u00f3n de llamar a Jos\u00e9 Alfredo L\u00f3pez Carreto como suplente en la presidencia municipal de Actopan. Dijo que aunque [&hellip;]<\/p>\n","protected":false},"author":6,"featured_media":5934,"comment_status":"open","ping_status":"open","sticky":false,"template":"","format":"standard","meta":{"_monsterinsights_skip_tracking":false,"_monsterinsights_sitenote_active":false,"_monsterinsights_sitenote_note":"","_monsterinsights_sitenote_category":0,"footnotes":""},"categories":[158],"tags":[570,162,1523],"class_list":["post-5933","post","type-post","status-publish","format-standard","has-post-thumbnail","hentry","category-politica","tag-congreso-del-estado-de-veracruz","tag-portada","tag-tev","wp-image-borders"],"amp_enabled":true,"_links":{"self":[{"href":"https:\/\/nvnoticias.mx\/index.php\/wp-json\/wp\/v2\/posts\/5933","targetHints":{"allow":["GET"]}}],"collection":[{"href":"https:\/\/nvnoticias.mx\/index.php\/wp-json\/wp\/v2\/posts"}],"about":[{"href":"https:\/\/nvnoticias.mx\/index.php\/wp-json\/wp\/v2\/types\/post"}],"author":[{"embeddable":true,"href":"https:\/\/nvnoticias.mx\/index.php\/wp-json\/wp\/v2\/users\/6"}],"replies":[{"embeddable":true,"href":"https:\/\/nvnoticias.mx\/index.php\/wp-json\/wp\/v2\/comments?post=5933"}],"version-history":[{"count":1,"href":"https:\/\/nvnoticias.mx\/index.php\/wp-json\/wp\/v2\/posts\/5933\/revisions"}],"predecessor-version":[{"id":5935,"href":"https:\/\/nvnoticias.mx\/index.php\/wp-json\/wp\/v2\/posts\/5933\/revisions\/5935"}],"wp:featuredmedia":[{"embeddable":true,"href":"https:\/\/nvnoticias.mx\/index.php\/wp-json\/wp\/v2\/media\/5934"}],"wp:attachment":[{"href":"https:\/\/nvnoticias.mx\/index.php\/wp-json\/wp\/v2\/media?parent=5933"}],"wp:term":[{"taxonomy":"category","embeddable":true,"href":"https:\/\/nvnoticias.mx\/index.php\/wp-json\/wp\/v2\/categories?post=5933"},{"taxonomy":"post_tag","embeddable":true,"href":"https:\/\/nvnoticias.mx\/index.php\/wp-json\/wp\/v2\/tags?post=5933"}],"curies":[{"name":"wp","href":"https:\/\/api.w.org\/{rel}","templated":true}]}}