{"id":59262,"date":"2022-06-12T21:11:00","date_gmt":"2022-06-13T02:11:00","guid":{"rendered":"https:\/\/nvnoticias.mx\/?p=59262"},"modified":"2022-06-13T00:11:50","modified_gmt":"2022-06-13T05:11:50","slug":"acreditan-a-la-unidad-k9-de-la-fuerza-civil","status":"publish","type":"post","link":"https:\/\/nvnoticias.mx\/index.php\/2022\/06\/12\/acreditan-a-la-unidad-k9-de-la-fuerza-civil\/","title":{"rendered":"Acreditan a la Unidad K9 de la Fuerza Civil"},"content":{"rendered":"\n<p>Como parte de las acciones de profesionalizaci\u00f3n y acreditaci\u00f3n constante de nuestra Unidad K9 de la Fuerza Civil, la Secretar\u00eda de Seguridad P\u00fablica del Estado de Veracruz realiz\u00f3 la certificaci\u00f3n y competencia de 27 Manejadores y 21 agentes caninos en las especialidades de: Narc\u00f3ticos, Armas, Cartuchos, Divisas, Restos Humanos, Explosivos, Telefon\u00eda celular, B\u00fasqueda y Rescate.<\/p>\n\n\n\n<p>Misma que es de gran importancia como soporte en el marco legal para la acreditaci\u00f3n de las funciones policiales con agente canino y la cual es actualizada cada a\u00f1o, por parte de AIFCA K9 (Asociaci\u00f3n Internacional de Formaci\u00f3n y Capacitaci\u00f3n de Adiestradores de Perros).<\/p>\n","protected":false},"excerpt":{"rendered":"<p>Como parte de las acciones de profesionalizaci\u00f3n y acreditaci\u00f3n constante de nuestra Unidad K9 de la Fuerza Civil, la Secretar\u00eda de Seguridad P\u00fablica del Estado de Veracruz realiz\u00f3 la certificaci\u00f3n y competencia de 27 Manejadores y 21 agentes caninos en las especialidades de: Narc\u00f3ticos, Armas, Cartuchos, Divisas, Restos Humanos, Explosivos, Telefon\u00eda celular, B\u00fasqueda y Rescate. [&hellip;]<\/p>\n","protected":false},"author":7,"featured_media":59263,"comment_status":"open","ping_status":"open","sticky":false,"template":"","format":"standard","meta":{"_monsterinsights_skip_tracking":false,"_monsterinsights_sitenote_active":false,"_monsterinsights_sitenote_note":"","_monsterinsights_sitenote_category":0,"footnotes":""},"categories":[156],"tags":[1387,662,548,15928],"class_list":["post-59262","post","type-post","status-publish","format-standard","has-post-thumbnail","hentry","category-estado","tag-fuerza-civil","tag-secretaria-de-seguridad-publica","tag-ssp","tag-unidad-k9","wp-image-borders"],"amp_enabled":true,"_links":{"self":[{"href":"https:\/\/nvnoticias.mx\/index.php\/wp-json\/wp\/v2\/posts\/59262","targetHints":{"allow":["GET"]}}],"collection":[{"href":"https:\/\/nvnoticias.mx\/index.php\/wp-json\/wp\/v2\/posts"}],"about":[{"href":"https:\/\/nvnoticias.mx\/index.php\/wp-json\/wp\/v2\/types\/post"}],"author":[{"embeddable":true,"href":"https:\/\/nvnoticias.mx\/index.php\/wp-json\/wp\/v2\/users\/7"}],"replies":[{"embeddable":true,"href":"https:\/\/nvnoticias.mx\/index.php\/wp-json\/wp\/v2\/comments?post=59262"}],"version-history":[{"count":1,"href":"https:\/\/nvnoticias.mx\/index.php\/wp-json\/wp\/v2\/posts\/59262\/revisions"}],"predecessor-version":[{"id":59264,"href":"https:\/\/nvnoticias.mx\/index.php\/wp-json\/wp\/v2\/posts\/59262\/revisions\/59264"}],"wp:featuredmedia":[{"embeddable":true,"href":"https:\/\/nvnoticias.mx\/index.php\/wp-json\/wp\/v2\/media\/59263"}],"wp:attachment":[{"href":"https:\/\/nvnoticias.mx\/index.php\/wp-json\/wp\/v2\/media?parent=59262"}],"wp:term":[{"taxonomy":"category","embeddable":true,"href":"https:\/\/nvnoticias.mx\/index.php\/wp-json\/wp\/v2\/categories?post=59262"},{"taxonomy":"post_tag","embeddable":true,"href":"https:\/\/nvnoticias.mx\/index.php\/wp-json\/wp\/v2\/tags?post=59262"}],"curies":[{"name":"wp","href":"https:\/\/api.w.org\/{rel}","templated":true}]}}