{"id":59197,"date":"2022-06-12T11:28:38","date_gmt":"2022-06-12T16:28:38","guid":{"rendered":"https:\/\/nvnoticias.mx\/?p=59197"},"modified":"2022-06-12T11:40:18","modified_gmt":"2022-06-12T16:40:18","slug":"responde-fernandez-norona-a-lilly-tellez-que-le-parece-vil-vincularlo-a-un-grupo-criminal","status":"publish","type":"post","link":"https:\/\/nvnoticias.mx\/index.php\/2022\/06\/12\/responde-fernandez-norona-a-lilly-tellez-que-le-parece-vil-vincularlo-a-un-grupo-criminal\/","title":{"rendered":"Responde Fernandez Noro\u00f1a a Lilly T\u00e9llez que &#8220;le parece vil vincularlo a un grupo criminal&#8221;"},"content":{"rendered":"\n<p>El diputado del Partido del Trabajo (PT),&nbsp;Gerardo Fern\u00e1ndez Noro\u00f1a, recomend\u00f3 a la senadora del Partido Acci\u00f3n Nacional (PAN),&nbsp;Lilly T\u00e9llez, presentar una denuncia por las presuntas amenazas que recibi\u00f3 del C\u00e1rtel Jalisco Nueva Generaci\u00f3n (CJNG). &nbsp;<\/p>\n\n\n\n<p>A trav\u00e9s de Twitter, el funcionario expuso: \u201cEspero que la senadora&nbsp;Mar\u00eda del Carmen T\u00e9llez&nbsp;haya presentado la denuncia por las presuntas amenazas\u201d. &nbsp;<\/p>\n\n\n\n<p>En ese mismo tuit,&nbsp;Fern\u00e1ndez Noro\u00f1a&nbsp;dijo que le parec\u00eda muy vil lo vincularan con el grupo criminal que presuntamente trat\u00f3 de intimidar T\u00e9llez. <\/p>\n\n\n\n<blockquote class=\"wp-block-quote is-layout-flow wp-block-quote-is-layout-flow\"><p>\u201cMe parecen tan viles las presuntas amenazas, como el quererme vincular a un grupo criminal\u201d, exalt\u00f3.&nbsp;<\/p><\/blockquote>\n\n\n\n<div class=\"wp-block-image\"><figure class=\"aligncenter size-large\"><img loading=\"lazy\" decoding=\"async\" width=\"548\" height=\"296\" src=\"https:\/\/nvnoticias.mx\/wp-content\/uploads\/2022\/06\/image.png\" alt=\"\" class=\"wp-image-59201\" srcset=\"https:\/\/nvnoticias.mx\/wp-content\/uploads\/2022\/06\/image.png 548w, https:\/\/nvnoticias.mx\/wp-content\/uploads\/2022\/06\/image-300x162.png 300w\" sizes=\"auto, (max-width: 548px) 100vw, 548px\" \/><\/figure><\/div>\n\n\n\n<p><strong>Lilly T\u00e9llez denuncia presuntas amenazas del CJNG\u00a0<\/strong><\/p>\n\n\n\n<p>Cabe recordar, que la&nbsp;senadora panista, denunci\u00f3 ayer por la noche, que&nbsp;recibi\u00f3 amenazas, presuntamente del CJNG, a trav\u00e9s de un mensaje que recibi\u00f3 su asistente v\u00eda&nbsp;WhatsApp.&nbsp;<\/p>\n\n\n\n<p>La funcionaria dio a conocer por medio de su cuenta personal de Twitter:&nbsp; \u201cMensaje al cel. de mi asistente\u201d, dicho texto iba acompa\u00f1ado por una imagen en la que se le\u00eda: \u201cEsto de changoleon te va pesar ya t tenemos vigilada tu sabeza muy se va desaparecer lily tellez&nbsp;Atentamente cartel de jalisco&nbsp;[sic]\u201d.&nbsp;<\/p>\n\n\n\n<p>En el tuit etiquet\u00f3 al secretario de Gobernaci\u00f3n, Ad\u00e1n Augusto L\u00f3pez; a la titular de Seguridad P\u00fablica, Rosa Icela Rodr\u00edguez, y al comandante de la Guardia Nacional, Luis Rodr\u00edguez Bucio para llamar su atenci\u00f3n.&nbsp;<\/p>\n\n\n\n<p>En una segunda publicaci\u00f3n, T\u00e9llez revel\u00f3 que la&nbsp;amenaza proven\u00eda de Estados Unidos. <\/p>\n\n\n\n<blockquote class=\"wp-block-quote is-layout-flow wp-block-quote-is-layout-flow\"><p>\u201cAqu\u00ed info. del due\u00f1o del cel. de la amenaza: John Edward Poole Jr abre cuentas, es titular de todo. Los otros, los latinos que le pidieron el favor, no dan la cara. Est\u00e1n ubicados en Carolina del Norte con chip de NY y en Pennsylvania\u201d, escribi\u00f3 la senadora.&nbsp;<\/p><\/blockquote>\n\n\n\n<figure class=\"wp-block-embed aligncenter is-type-rich is-provider-twitter wp-block-embed-twitter\"><div class=\"wp-block-embed__wrapper\">\n<blockquote class=\"twitter-tweet\" data-width=\"550\" data-dnt=\"true\"><p lang=\"es\" dir=\"ltr\">Mensaje al cel. de mi asistente.<a href=\"https:\/\/twitter.com\/rosaicela_?ref_src=twsrc%5Etfw\">@rosaicela_<\/a> <a href=\"https:\/\/twitter.com\/adan_augusto?ref_src=twsrc%5Etfw\">@adan_augusto<\/a> <a href=\"https:\/\/twitter.com\/Luis_R_Bucio?ref_src=twsrc%5Etfw\">@Luis_R_Bucio<\/a> <a href=\"https:\/\/t.co\/voSJGYn0HW\">pic.twitter.com\/voSJGYn0HW<\/a><\/p>&mdash; Lilly T\u00e9llez (@LillyTellez) <a href=\"https:\/\/twitter.com\/LillyTellez\/status\/1535420672184406016?ref_src=twsrc%5Etfw\">June 11, 2022<\/a><\/blockquote><script async src=\"https:\/\/platform.twitter.com\/widgets.js\" charset=\"utf-8\"><\/script>\n<\/div><\/figure>\n\n\n\n<figure class=\"wp-block-embed aligncenter is-type-rich is-provider-twitter wp-block-embed-twitter\"><div class=\"wp-block-embed__wrapper\">\n<blockquote class=\"twitter-tweet\" data-width=\"550\" data-dnt=\"true\"><p lang=\"es\" dir=\"ltr\">Aqu\u00ed info. del due\u00f1o del cel. de la amenaza:<br>John Edward Poole Jr abre cuentas, es titular de todo.<br>Los otros, los latinos que le pidieron el favor, no dan la cara.<br>Est\u00e1n ubicados en Carolina del Norte con chip de NY y en Pennsylvania.<a href=\"https:\/\/twitter.com\/rosaicela_?ref_src=twsrc%5Etfw\">@rosaicela_<\/a> <a href=\"https:\/\/twitter.com\/adan_augusto?ref_src=twsrc%5Etfw\">@adan_augusto<\/a> <a href=\"https:\/\/twitter.com\/Luis_R_Bucio?ref_src=twsrc%5Etfw\">@Luis_R_Bucio<\/a> <a href=\"https:\/\/t.co\/NVhaLaEicJ\">pic.twitter.com\/NVhaLaEicJ<\/a><\/p>&mdash; Lilly T\u00e9llez (@LillyTellez) <a href=\"https:\/\/twitter.com\/LillyTellez\/status\/1535458688038801409?ref_src=twsrc%5Etfw\">June 11, 2022<\/a><\/blockquote><script async src=\"https:\/\/platform.twitter.com\/widgets.js\" charset=\"utf-8\"><\/script>\n<\/div><\/figure>\n\n\n\n<p>El mensaje recibido\u00a0por la asistente de T\u00e9llez hace alusi\u00f3n a un discurso que anteriormente dijo la funcionaria, cuando\u00a0llam\u00f3\u00a0\u201cChangol\u00e9on\u201d al diputado del PT (Partido del Trabajo),\u00a0Gerardo Fern\u00e1ndez Noro\u00f1a, y lo se\u00f1al\u00f3 de supuestos\u00a0v\u00ednculos con el crimen organizado.\u00a0\u00a0<\/p>\n\n\n\n<blockquote class=\"wp-block-quote is-layout-flow wp-block-quote-is-layout-flow\"><p>&#8220;Quiero confirmar que el diputado changole\u00f3n me est\u00e1 escuchando. Por favor expl\u00edquele al diputado changole\u00f3n que vino a meterse a esta c\u00e1mara c\u00f3mo oper\u00f3 el crimen organizado en Sinaloa. P\u00f3ngame atenci\u00f3n changole\u00f3n porque ustedes son el brazo pol\u00edtico del crimen organizado\u201d, dijo el pasado 31 de mayo desde su esca\u00f1o la exmorenista.\u00a0<\/p><\/blockquote>\n\n\n\n<p>Fuente: <a href=\"https:\/\/www.eluniversal.com.mx\/tendencias\/fernandez-norona-responde-lilly-tellez-me-parece-vil-quererme-vincular-un-grupo-criminal\">El Universal<\/a><\/p>\n","protected":false},"excerpt":{"rendered":"<p>El diputado del Partido del Trabajo (PT),&nbsp;Gerardo Fern\u00e1ndez Noro\u00f1a, recomend\u00f3 a la senadora del Partido Acci\u00f3n Nacional (PAN),&nbsp;Lilly T\u00e9llez, presentar una denuncia por las presuntas amenazas que recibi\u00f3 del C\u00e1rtel Jalisco Nueva Generaci\u00f3n (CJNG). &nbsp; A trav\u00e9s de Twitter, el funcionario expuso: \u201cEspero que la senadora&nbsp;Mar\u00eda del Carmen T\u00e9llez&nbsp;haya presentado la denuncia por las presuntas [&hellip;]<\/p>\n","protected":false},"author":7,"featured_media":59198,"comment_status":"open","ping_status":"open","sticky":false,"template":"","format":"standard","meta":{"_monsterinsights_skip_tracking":false,"_monsterinsights_sitenote_active":false,"_monsterinsights_sitenote_note":"","_monsterinsights_sitenote_category":0,"footnotes":""},"categories":[158],"tags":[8970,745],"class_list":["post-59197","post","type-post","status-publish","format-standard","has-post-thumbnail","hentry","category-politica","tag-gerardo-fernandez-norona","tag-lilly-tellez","wp-image-borders"],"amp_enabled":true,"_links":{"self":[{"href":"https:\/\/nvnoticias.mx\/index.php\/wp-json\/wp\/v2\/posts\/59197","targetHints":{"allow":["GET"]}}],"collection":[{"href":"https:\/\/nvnoticias.mx\/index.php\/wp-json\/wp\/v2\/posts"}],"about":[{"href":"https:\/\/nvnoticias.mx\/index.php\/wp-json\/wp\/v2\/types\/post"}],"author":[{"embeddable":true,"href":"https:\/\/nvnoticias.mx\/index.php\/wp-json\/wp\/v2\/users\/7"}],"replies":[{"embeddable":true,"href":"https:\/\/nvnoticias.mx\/index.php\/wp-json\/wp\/v2\/comments?post=59197"}],"version-history":[{"count":2,"href":"https:\/\/nvnoticias.mx\/index.php\/wp-json\/wp\/v2\/posts\/59197\/revisions"}],"predecessor-version":[{"id":59202,"href":"https:\/\/nvnoticias.mx\/index.php\/wp-json\/wp\/v2\/posts\/59197\/revisions\/59202"}],"wp:featuredmedia":[{"embeddable":true,"href":"https:\/\/nvnoticias.mx\/index.php\/wp-json\/wp\/v2\/media\/59198"}],"wp:attachment":[{"href":"https:\/\/nvnoticias.mx\/index.php\/wp-json\/wp\/v2\/media?parent=59197"}],"wp:term":[{"taxonomy":"category","embeddable":true,"href":"https:\/\/nvnoticias.mx\/index.php\/wp-json\/wp\/v2\/categories?post=59197"},{"taxonomy":"post_tag","embeddable":true,"href":"https:\/\/nvnoticias.mx\/index.php\/wp-json\/wp\/v2\/tags?post=59197"}],"curies":[{"name":"wp","href":"https:\/\/api.w.org\/{rel}","templated":true}]}}