{"id":59001,"date":"2022-06-10T12:36:50","date_gmt":"2022-06-10T17:36:50","guid":{"rendered":"https:\/\/nvnoticias.mx\/?p=59001"},"modified":"2022-06-10T12:36:51","modified_gmt":"2022-06-10T17:36:51","slug":"advierte-eu-que-ya-podria-haber-transmision-comunitaria-de-la-viruela-del-mono","status":"publish","type":"post","link":"https:\/\/nvnoticias.mx\/index.php\/2022\/06\/10\/advierte-eu-que-ya-podria-haber-transmision-comunitaria-de-la-viruela-del-mono\/","title":{"rendered":"Advierte EU que ya podr\u00eda haber transmisi\u00f3n comunitaria de la viruela del mono"},"content":{"rendered":"\n<p><strong>Las autoridades sanitarias de Estados Unidos EU) creen que ya podr\u00eda existir transmisi\u00f3n comunitaria de la viruela del mono en el pa\u00eds,<\/strong>\u00a0aunque siguen considerando que el riesgo que representa la enfermedad es muy bajo.<\/p>\n\n\n\n<p>Hasta el momento, se han detectado 45 casos positivos de viruela del mono en EU y ninguna muerte, revelaron este viernes los Centros para el Control y la Prevenci\u00f3n de Enfermedades (CDC).<\/p>\n\n\n\n<blockquote class=\"wp-block-quote is-layout-flow wp-block-quote-is-layout-flow\"><p>\u201cHay algunos individuos en EU, no muchos, solo unos pocos, que no est\u00e1n seguros de c\u00f3mo se infectaron de la viruela del mono, y eso podr\u00eda sugerir que hay algo de transmisi\u00f3n comunitaria\u201d, explic\u00f3 la subdirectora de la Divisi\u00f3n de Pat\u00f3genos y Patolog\u00edas de Alta Consecuencia de los CDC, Jennifer McQuiston, durante una llamada con periodistas.<\/p><\/blockquote>\n\n\n\n<p>McQuiston aclar\u00f3 que este tipo de transmisi\u00f3n, de producirse, estar\u00eda a un nivel inferior al que pueden detectar las autoridades sanitarias, y no ha sido localizada en ning\u00fan lugar concreto del pa\u00eds, es decir, que son casos aislados.<\/p>\n\n\n\n<p>La gran mayor\u00eda de las infecciones, sin embargo, son de personas que han viajado al extranjero recientemente, o que han estado en contacto con gente ya infectada de viruela del mono.<\/p>\n\n\n\n<blockquote class=\"wp-block-quote is-layout-flow wp-block-quote-is-layout-flow\"><p>\u201cSi bien es cierto que los casos han seguido aumentando, quiero volver a enfatizar que no ha habido ninguna muerte todav\u00eda relacionada con este brote\u201d, explic\u00f3 la directora de los CDC, Rochelle Walensky, durante la llamada.<\/p><\/blockquote>\n\n\n\n<p>Las autoridades sanitarias llevan tiempo advirtiendo que las infecciones de viruela del mono aumentar\u00e1n en el pa\u00eds durante las pr\u00f3ximas semanas.<\/p>\n\n\n\n<p>Fuente:<a href=\"https:\/\/www.forbes.com.mx\/eu-advierte-que-ya-podria-haber-transmision-comunitaria-de-la-viruela-del-mono\/\" data-type=\"URL\" data-id=\"https:\/\/www.forbes.com.mx\/eu-advierte-que-ya-podria-haber-transmision-comunitaria-de-la-viruela-del-mono\/\"> Forbes<\/a><\/p>\n","protected":false},"excerpt":{"rendered":"<p>Las autoridades sanitarias de Estados Unidos EU) creen que ya podr\u00eda existir transmisi\u00f3n comunitaria de la viruela del mono en el pa\u00eds,\u00a0aunque siguen considerando que el riesgo que representa la enfermedad es muy bajo. Hasta el momento, se han detectado 45 casos positivos de viruela del mono en EU y ninguna muerte, revelaron este viernes [&hellip;]<\/p>\n","protected":false},"author":35,"featured_media":58003,"comment_status":"open","ping_status":"open","sticky":false,"template":"","format":"standard","meta":{"_monsterinsights_skip_tracking":false,"_monsterinsights_sitenote_active":false,"_monsterinsights_sitenote_note":"","_monsterinsights_sitenote_category":0,"footnotes":""},"categories":[181],"tags":[9204,15867,183,9467,14982],"class_list":["post-59001","post","type-post","status-publish","format-standard","has-post-thumbnail","hentry","category-internacional","tag-advierte","tag-comunitaria","tag-estados-unidos","tag-transmision","tag-viruela-del-mono","wp-image-borders"],"amp_enabled":true,"_links":{"self":[{"href":"https:\/\/nvnoticias.mx\/index.php\/wp-json\/wp\/v2\/posts\/59001","targetHints":{"allow":["GET"]}}],"collection":[{"href":"https:\/\/nvnoticias.mx\/index.php\/wp-json\/wp\/v2\/posts"}],"about":[{"href":"https:\/\/nvnoticias.mx\/index.php\/wp-json\/wp\/v2\/types\/post"}],"author":[{"embeddable":true,"href":"https:\/\/nvnoticias.mx\/index.php\/wp-json\/wp\/v2\/users\/35"}],"replies":[{"embeddable":true,"href":"https:\/\/nvnoticias.mx\/index.php\/wp-json\/wp\/v2\/comments?post=59001"}],"version-history":[{"count":1,"href":"https:\/\/nvnoticias.mx\/index.php\/wp-json\/wp\/v2\/posts\/59001\/revisions"}],"predecessor-version":[{"id":59002,"href":"https:\/\/nvnoticias.mx\/index.php\/wp-json\/wp\/v2\/posts\/59001\/revisions\/59002"}],"wp:featuredmedia":[{"embeddable":true,"href":"https:\/\/nvnoticias.mx\/index.php\/wp-json\/wp\/v2\/media\/58003"}],"wp:attachment":[{"href":"https:\/\/nvnoticias.mx\/index.php\/wp-json\/wp\/v2\/media?parent=59001"}],"wp:term":[{"taxonomy":"category","embeddable":true,"href":"https:\/\/nvnoticias.mx\/index.php\/wp-json\/wp\/v2\/categories?post=59001"},{"taxonomy":"post_tag","embeddable":true,"href":"https:\/\/nvnoticias.mx\/index.php\/wp-json\/wp\/v2\/tags?post=59001"}],"curies":[{"name":"wp","href":"https:\/\/api.w.org\/{rel}","templated":true}]}}