{"id":58861,"date":"2022-06-09T15:40:36","date_gmt":"2022-06-09T20:40:36","guid":{"rendered":"https:\/\/nvnoticias.mx\/?p=58861"},"modified":"2022-06-09T15:40:38","modified_gmt":"2022-06-09T20:40:38","slug":"contribuye-archivo-historico-municipal-a-preservacion-de-la-memoria-e-identidad","status":"publish","type":"post","link":"https:\/\/nvnoticias.mx\/index.php\/2022\/06\/09\/contribuye-archivo-historico-municipal-a-preservacion-de-la-memoria-e-identidad\/","title":{"rendered":"Contribuye Archivo Hist\u00f3rico Municipal a preservaci\u00f3n de la memoria e identidad"},"content":{"rendered":"\n<p>Xalapa, Ver.- El Archivo Hist\u00f3rico Municipal de Xalapa es un ente vivo que contribuye a preservar la memoria e identidad de las y los xalape\u00f1os, por lo que en el marco del D\u00eda Internacional de los Archivos, que se conmemora este 9 de junio, se invita a la poblaci\u00f3n a que visite el inmueble y conozca su acervo documental.<\/p>\n\n\n\n<p>El cronista de la Ciudad, Vicente Espino Jara, reconoci\u00f3 que el Ayuntamiento de Xalapa ha reunido un gran acervo que da cuenta de la historia del municipio y el proceso de conformaci\u00f3n de la identidad xalape\u00f1a.<\/p>\n\n\n\n<figure class=\"wp-block-image size-large\"><img loading=\"lazy\" decoding=\"async\" width=\"1024\" height=\"629\" src=\"https:\/\/nvnoticias.mx\/wp-content\/uploads\/2022\/06\/WhatsApp-Image-2022-06-09-at-3.35.23-PM-1024x629.jpeg\" alt=\"\" class=\"wp-image-58864\" srcset=\"https:\/\/nvnoticias.mx\/wp-content\/uploads\/2022\/06\/WhatsApp-Image-2022-06-09-at-3.35.23-PM-1024x629.jpeg 1024w, https:\/\/nvnoticias.mx\/wp-content\/uploads\/2022\/06\/WhatsApp-Image-2022-06-09-at-3.35.23-PM-300x184.jpeg 300w, https:\/\/nvnoticias.mx\/wp-content\/uploads\/2022\/06\/WhatsApp-Image-2022-06-09-at-3.35.23-PM-768x472.jpeg 768w, https:\/\/nvnoticias.mx\/wp-content\/uploads\/2022\/06\/WhatsApp-Image-2022-06-09-at-3.35.23-PM.jpeg 1280w\" sizes=\"auto, (max-width: 1024px) 100vw, 1024px\" \/><\/figure>\n\n\n\n<p>Adem\u00e1s, desde 1991 se ha destacado por su trabajo de sistematizaci\u00f3n y organizaci\u00f3n de documentos, entre los que se encuentran la colecci\u00f3n de expedientes del Xalapa Independiente, un acta de Cabildo de 1794, la Cronolog\u00eda Ilustrada de Xalapa de Leonardo Pasquel Jim\u00e9nez, o el Libro de Registro de Extranjeros, que data de 1930.<\/p>\n\n\n\n<p>En el inmueble ubicado en la calle Clavijero 10, colonia Centro, tambi\u00e9n se puede consultar una Planoteca, donde se pueden analizar planos originales de la ciudad y de edificios hist\u00f3ricos como la antigua c\u00e1rcel municipal.<\/p>\n\n\n\n<p>El Archivo Hist\u00f3rico Municipal es un inmueble con m\u00e1s de 100 a\u00f1os de historia que est\u00e1 abierto de lunes a viernes de 09:00 a 18:00 horas. Tambi\u00e9n se pueden programar recorridos guiados para que las y los ciudadanos conozcan cada \u00e1rea de este espacio referente en el estado.<\/p>\n\n\n\n<figure class=\"wp-block-image size-large\"><img loading=\"lazy\" decoding=\"async\" width=\"1024\" height=\"683\" src=\"https:\/\/nvnoticias.mx\/wp-content\/uploads\/2022\/06\/WhatsApp-Image-2022-06-09-at-3.35.22-PM-1-1024x683.jpeg\" alt=\"\" class=\"wp-image-58862\" srcset=\"https:\/\/nvnoticias.mx\/wp-content\/uploads\/2022\/06\/WhatsApp-Image-2022-06-09-at-3.35.22-PM-1-1024x683.jpeg 1024w, https:\/\/nvnoticias.mx\/wp-content\/uploads\/2022\/06\/WhatsApp-Image-2022-06-09-at-3.35.22-PM-1-300x200.jpeg 300w, https:\/\/nvnoticias.mx\/wp-content\/uploads\/2022\/06\/WhatsApp-Image-2022-06-09-at-3.35.22-PM-1-768x512.jpeg 768w, https:\/\/nvnoticias.mx\/wp-content\/uploads\/2022\/06\/WhatsApp-Image-2022-06-09-at-3.35.22-PM-1.jpeg 1280w\" sizes=\"auto, (max-width: 1024px) 100vw, 1024px\" \/><\/figure>\n","protected":false},"excerpt":{"rendered":"<p>Xalapa, Ver.- El Archivo Hist\u00f3rico Municipal de Xalapa es un ente vivo que contribuye a preservar la memoria e identidad de las y los xalape\u00f1os, por lo que en el marco del D\u00eda Internacional de los Archivos, que se conmemora este 9 de junio, se invita a la poblaci\u00f3n a que visite el inmueble y [&hellip;]<\/p>\n","protected":false},"author":35,"featured_media":58863,"comment_status":"open","ping_status":"open","sticky":false,"template":"","format":"standard","meta":{"_monsterinsights_skip_tracking":false,"_monsterinsights_sitenote_active":false,"_monsterinsights_sitenote_note":"","_monsterinsights_sitenote_category":0,"footnotes":""},"categories":[156],"tags":[15841,15840,8518,8781,14057,13600,15842],"class_list":["post-58861","post","type-post","status-publish","format-standard","has-post-thumbnail","hentry","category-estado","tag-archivo","tag-contribuye","tag-historico","tag-identidad","tag-memoria","tag-municipal","tag-preservacion","wp-image-borders"],"amp_enabled":true,"_links":{"self":[{"href":"https:\/\/nvnoticias.mx\/index.php\/wp-json\/wp\/v2\/posts\/58861","targetHints":{"allow":["GET"]}}],"collection":[{"href":"https:\/\/nvnoticias.mx\/index.php\/wp-json\/wp\/v2\/posts"}],"about":[{"href":"https:\/\/nvnoticias.mx\/index.php\/wp-json\/wp\/v2\/types\/post"}],"author":[{"embeddable":true,"href":"https:\/\/nvnoticias.mx\/index.php\/wp-json\/wp\/v2\/users\/35"}],"replies":[{"embeddable":true,"href":"https:\/\/nvnoticias.mx\/index.php\/wp-json\/wp\/v2\/comments?post=58861"}],"version-history":[{"count":1,"href":"https:\/\/nvnoticias.mx\/index.php\/wp-json\/wp\/v2\/posts\/58861\/revisions"}],"predecessor-version":[{"id":58865,"href":"https:\/\/nvnoticias.mx\/index.php\/wp-json\/wp\/v2\/posts\/58861\/revisions\/58865"}],"wp:featuredmedia":[{"embeddable":true,"href":"https:\/\/nvnoticias.mx\/index.php\/wp-json\/wp\/v2\/media\/58863"}],"wp:attachment":[{"href":"https:\/\/nvnoticias.mx\/index.php\/wp-json\/wp\/v2\/media?parent=58861"}],"wp:term":[{"taxonomy":"category","embeddable":true,"href":"https:\/\/nvnoticias.mx\/index.php\/wp-json\/wp\/v2\/categories?post=58861"},{"taxonomy":"post_tag","embeddable":true,"href":"https:\/\/nvnoticias.mx\/index.php\/wp-json\/wp\/v2\/tags?post=58861"}],"curies":[{"name":"wp","href":"https:\/\/api.w.org\/{rel}","templated":true}]}}