{"id":58714,"date":"2022-06-09T09:24:26","date_gmt":"2022-06-09T14:24:26","guid":{"rendered":"https:\/\/nvnoticias.mx\/?p=58714"},"modified":"2022-06-09T09:24:28","modified_gmt":"2022-06-09T14:24:28","slug":"vinculan-a-proceso-a-cesar-duarte","status":"publish","type":"post","link":"https:\/\/nvnoticias.mx\/index.php\/2022\/06\/09\/vinculan-a-proceso-a-cesar-duarte\/","title":{"rendered":"Vinculan a proceso a C\u00e9sar Duarte"},"content":{"rendered":"\n<p>Un juez vincul\u00f3 a proceso a C\u00e9sar Duarte J\u00e1quez, ex gobernador de Chihuahua, por la presunta comisi\u00f3n de los delitos de asociaci\u00f3n delictuosa y peculado\u00a0por la cantidad de m\u00e1s de 96 millones de pesos.\u00a0 <\/p>\n\n\n\n<p>Despu\u00e9s de escuchar la resoluci\u00f3n judicial, Duarte hizo uso del micr\u00f3fono para expresar que el ex gobernador panista, Javier Corral, construy\u00f3 una mentira para encarcelarlo, presion\u00f3 a los testigos y los oblig\u00f3 a declarar en su contra. <\/p>\n\n\n\n<blockquote class=\"wp-block-quote is-layout-flow wp-block-quote-is-layout-flow\"><p>\u201cCorral de lengua (sic) me se\u00f1al\u00f3 como propietario de una inmensa riqueza, como due\u00f1o de cadenas de hoteles y de farmacias, con la fuerza del Estado, con todos los empleados del Estado, con los recursos, con toda la presi\u00f3n que impuso a quien encarcel\u00f3, a quienes les gener\u00f3 temor y por ello les arrancaron las declaraciones a modo y a gusto, lo que han logrado verdaderamente es una falacia, es una mentira del tama\u00f1o de la Catedral de Chihuahua (\u2026 ) motivo simple y sencillamente una raz\u00f3n a Corral, el odio y la venganza. Me recuerda el gobierno de Corral a un cl\u00e1sico del cine mexicano, a La Vida In\u00fatil, de Pito P\u00e9rez&#8221;, expuso.<\/p><\/blockquote>\n\n\n\n<p> \u201cCostoso para los chihuahuenses, doloroso para los chihuahuenses a los que si nacimos, a los que si queremos a Chihuahua o a quienes como \u00e9l solo han querido utilizar a Chihuahua y a los chihuahuenses para su beneficio personal es donde el juicio de la historia han de poner a cada quien en su lugar porque en todos los municipios del estado conozco la obra que hice y s\u00e9 que hubo referente de la obra que se qued\u00f3 Corral con la pura lengua en ellos\u201d, dijo Duarte quien al final expreso \u201cque el cielo bendiga a Chihuahua&#8221;. <\/p>\n\n\n\n<p>El juez penal de primera instancia, Humberto Ch\u00e1vez Allende, dijo que Duarte orquest\u00f3 e instruy\u00f3 la entrega de recursos p\u00fablicos para transferirlos Uni\u00f3n Ganadera Regional Divisi\u00f3n del Norte y la Financiera Divisi\u00f3n del Norte S.A., de C.V., SOFOM E.N.R., en las que, se\u00f1al\u00f3, el ex mandatario ten\u00eda un inter\u00e9s personal y de negocios, pues era presidente y administrador de la primera y socio mayoritario de la segunda. <\/p>\n\n\n\n<p>Despu\u00e9s, el juez fue descalificando cada uno de los argumentos de la defensa y tambi\u00e9n le orden\u00f3 al Ministerio P\u00fablico que investigue la posible comisi\u00f3n de un delito en contra de los testigos de identidad protegida por la publicaci\u00f3n de sus nombres por parte de un medio de comunicaci\u00f3n, al parecer al difundir una entrevista con los abogados defensores. <\/p>\n\n\n\n<p>El juzgador tambi\u00e9n autoriz\u00f3 un plazo de seis meses para el cierre de la investigaci\u00f3n complementaria y dej\u00f3 vigente la medida cautelar de prisi\u00f3n preventiva que impuso el domingo contra Duarte J\u00e1quez. <\/p>\n\n\n\n<p>Fuente: <a href=\"https:\/\/www.milenio.com\/policia\/cesar-duarte-gobernador-chihuahua-vinculado-proceso\" data-type=\"URL\" data-id=\"https:\/\/www.milenio.com\/policia\/cesar-duarte-gobernador-chihuahua-vinculado-proceso\">Milenio<\/a> <\/p>\n","protected":false},"excerpt":{"rendered":"<p>Un juez vincul\u00f3 a proceso a C\u00e9sar Duarte J\u00e1quez, ex gobernador de Chihuahua, por la presunta comisi\u00f3n de los delitos de asociaci\u00f3n delictuosa y peculado\u00a0por la cantidad de m\u00e1s de 96 millones de pesos.\u00a0 Despu\u00e9s de escuchar la resoluci\u00f3n judicial, Duarte hizo uso del micr\u00f3fono para expresar que el ex gobernador panista, Javier Corral, construy\u00f3 [&hellip;]<\/p>\n","protected":false},"author":35,"featured_media":57834,"comment_status":"open","ping_status":"open","sticky":false,"template":"","format":"standard","meta":{"_monsterinsights_skip_tracking":false,"_monsterinsights_sitenote_active":false,"_monsterinsights_sitenote_note":"","_monsterinsights_sitenote_category":0,"footnotes":""},"categories":[158],"tags":[407,162,2189,12006],"class_list":["post-58714","post","type-post","status-publish","format-standard","has-post-thumbnail","hentry","category-politica","tag-cesar-duarte","tag-portada","tag-proceso","tag-vinculan","wp-image-borders"],"amp_enabled":true,"_links":{"self":[{"href":"https:\/\/nvnoticias.mx\/index.php\/wp-json\/wp\/v2\/posts\/58714","targetHints":{"allow":["GET"]}}],"collection":[{"href":"https:\/\/nvnoticias.mx\/index.php\/wp-json\/wp\/v2\/posts"}],"about":[{"href":"https:\/\/nvnoticias.mx\/index.php\/wp-json\/wp\/v2\/types\/post"}],"author":[{"embeddable":true,"href":"https:\/\/nvnoticias.mx\/index.php\/wp-json\/wp\/v2\/users\/35"}],"replies":[{"embeddable":true,"href":"https:\/\/nvnoticias.mx\/index.php\/wp-json\/wp\/v2\/comments?post=58714"}],"version-history":[{"count":2,"href":"https:\/\/nvnoticias.mx\/index.php\/wp-json\/wp\/v2\/posts\/58714\/revisions"}],"predecessor-version":[{"id":58716,"href":"https:\/\/nvnoticias.mx\/index.php\/wp-json\/wp\/v2\/posts\/58714\/revisions\/58716"}],"wp:featuredmedia":[{"embeddable":true,"href":"https:\/\/nvnoticias.mx\/index.php\/wp-json\/wp\/v2\/media\/57834"}],"wp:attachment":[{"href":"https:\/\/nvnoticias.mx\/index.php\/wp-json\/wp\/v2\/media?parent=58714"}],"wp:term":[{"taxonomy":"category","embeddable":true,"href":"https:\/\/nvnoticias.mx\/index.php\/wp-json\/wp\/v2\/categories?post=58714"},{"taxonomy":"post_tag","embeddable":true,"href":"https:\/\/nvnoticias.mx\/index.php\/wp-json\/wp\/v2\/tags?post=58714"}],"curies":[{"name":"wp","href":"https:\/\/api.w.org\/{rel}","templated":true}]}}