{"id":58600,"date":"2022-06-08T11:37:43","date_gmt":"2022-06-08T16:37:43","guid":{"rendered":"https:\/\/nvnoticias.mx\/?p=58600"},"modified":"2022-06-08T11:37:44","modified_gmt":"2022-06-08T16:37:44","slug":"piden-agrupaciones-priistas-salida-de-alito-y-lideres-del-pri","status":"publish","type":"post","link":"https:\/\/nvnoticias.mx\/index.php\/2022\/06\/08\/piden-agrupaciones-priistas-salida-de-alito-y-lideres-del-pri\/","title":{"rendered":"Piden agrupaciones priistas salida de &#8216;Alito&#8217; y l\u00edderes del PRI"},"content":{"rendered":"\n<p>La agrupaci\u00f3n pri\u00edsta Frente Nacional \u201cDemocracia y Justicia Social\u201d exigi\u00f3 la \u201crenovaci\u00f3n inmediata\u201d del CEN del PRI, que encabezan Alejandro Moreno y Carolina Viggiano, toda vez que tienen sumido al partido en una \u201cprofunda crisis\u201d. <\/p>\n\n\n\n<p>A trav\u00e9s de un desplegado, Movimiento L\u00edder de Jos\u00e9 Encarnaci\u00f3n Alfaro; Plataforma PRI de Fernando Lerdo de Tejada y Alianza Generacional de Jos\u00e9 Ram\u00f3n Martell, convocaron a los dirigentes hist\u00f3ricos, l\u00edderes actuales y hasta ex candidatos a que se sumen para definir el nuevo rumbo del tricolor y evitar que siga dominado por inter\u00e9s particulares. <\/p>\n\n\n\n<blockquote class=\"wp-block-quote is-layout-flow wp-block-quote-is-layout-flow\"><p>\u201cEs evidente que la Dirigencia Nacional del Partido no ha podido cumplir con su responsabilidad primaria que es ganar elecciones; y en cambio ha asumido una visi\u00f3n patrimonialista, con una actitud excluyente, autoritaria y centrada s\u00f3lo en intereses y ambiciones personales, constituy\u00e9ndose, adem\u00e1s, en motivo de bochornosos esc\u00e1ndalos que afectan nuestra imagen y prestigio\u201d.<\/p><\/blockquote>\n\n\n\n<p>\u201cComo militantes comprometidos consideramos que el PRI, todav\u00eda tiene mucho que aportar al futuro de nuestro pa\u00eds. Tenemos una filosof\u00eda pol\u00edtica y social que responde a los retos del M\u00e9xico de hoy. \u00a0Somos un Partido constructor de instituciones, como lo hemos demostrado a lo largo de la historia. Son mucho m\u00e1s los positivos\u201d, detalla el desplegado. <\/p>\n\n\n\n<p>Agrega que el PRI se encuentra en una profunda crisis, y como prueba son \u201clos fracasos electorales de 2021 y 2022, en las que s\u00f3lo se gan\u00f3 una de las 20 gubernaturas que se eligieron y en cambio perdimos 10 estados que gobern\u00e1bamos\u201d. <\/p>\n\n\n\n<p>Las agrupaciones afirman que las urnas demuestran que no han sido capaces de recuperar la confianza de la sociedad ni de construir una propuesta atractiva para el electorado. La derrota ha sido apabullante. En ese sentido, exigieron la \u201cinmediata renovaci\u00f3n\u201d del CEN priista, a fin de iniciar una nueva etapa con una dirigencia incluyente y de amplios consensos con el objetivo de enfrentar los tiempos cruciales que vienen.<\/p>\n\n\n\n<p> Afirmaron que no se trata de abrir un debate sobre per\u00edodos estatutarios de dirigencia, sino una consecuencia del balance de resultados a los retos inmediatos, \u201ces una cuesti\u00f3n de \u00e9tica pol\u00edtica, de honestidad responsable, de dignidad y de atenci\u00f3n al inter\u00e9s superior del Partido\u201d. <\/p>\n\n\n\n<p>Fuente: <a href=\"https:\/\/www.milenio.com\/politica\/alejandro-moreno-priistas-piden-salida-alito-lideres-pri\" data-type=\"URL\" data-id=\"https:\/\/www.milenio.com\/politica\/alejandro-moreno-priistas-piden-salida-alito-lideres-pri\">Milenio<\/a><\/p>\n","protected":false},"excerpt":{"rendered":"<p>La agrupaci\u00f3n pri\u00edsta Frente Nacional \u201cDemocracia y Justicia Social\u201d exigi\u00f3 la \u201crenovaci\u00f3n inmediata\u201d del CEN del PRI, que encabezan Alejandro Moreno y Carolina Viggiano, toda vez que tienen sumido al partido en una \u201cprofunda crisis\u201d. A trav\u00e9s de un desplegado, Movimiento L\u00edder de Jos\u00e9 Encarnaci\u00f3n Alfaro; Plataforma PRI de Fernando Lerdo de Tejada y Alianza [&hellip;]<\/p>\n","protected":false},"author":35,"featured_media":48341,"comment_status":"open","ping_status":"open","sticky":false,"template":"","format":"standard","meta":{"_monsterinsights_skip_tracking":false,"_monsterinsights_sitenote_active":false,"_monsterinsights_sitenote_note":"","_monsterinsights_sitenote_category":0,"footnotes":""},"categories":[158],"tags":[15760,15761,9313,9131,3594],"class_list":["post-58600","post","type-post","status-publish","format-standard","has-post-thumbnail","hentry","category-politica","tag-agrupaciones","tag-alito","tag-lideres","tag-piden","tag-priistas","wp-image-borders"],"amp_enabled":true,"_links":{"self":[{"href":"https:\/\/nvnoticias.mx\/index.php\/wp-json\/wp\/v2\/posts\/58600","targetHints":{"allow":["GET"]}}],"collection":[{"href":"https:\/\/nvnoticias.mx\/index.php\/wp-json\/wp\/v2\/posts"}],"about":[{"href":"https:\/\/nvnoticias.mx\/index.php\/wp-json\/wp\/v2\/types\/post"}],"author":[{"embeddable":true,"href":"https:\/\/nvnoticias.mx\/index.php\/wp-json\/wp\/v2\/users\/35"}],"replies":[{"embeddable":true,"href":"https:\/\/nvnoticias.mx\/index.php\/wp-json\/wp\/v2\/comments?post=58600"}],"version-history":[{"count":1,"href":"https:\/\/nvnoticias.mx\/index.php\/wp-json\/wp\/v2\/posts\/58600\/revisions"}],"predecessor-version":[{"id":58601,"href":"https:\/\/nvnoticias.mx\/index.php\/wp-json\/wp\/v2\/posts\/58600\/revisions\/58601"}],"wp:featuredmedia":[{"embeddable":true,"href":"https:\/\/nvnoticias.mx\/index.php\/wp-json\/wp\/v2\/media\/48341"}],"wp:attachment":[{"href":"https:\/\/nvnoticias.mx\/index.php\/wp-json\/wp\/v2\/media?parent=58600"}],"wp:term":[{"taxonomy":"category","embeddable":true,"href":"https:\/\/nvnoticias.mx\/index.php\/wp-json\/wp\/v2\/categories?post=58600"},{"taxonomy":"post_tag","embeddable":true,"href":"https:\/\/nvnoticias.mx\/index.php\/wp-json\/wp\/v2\/tags?post=58600"}],"curies":[{"name":"wp","href":"https:\/\/api.w.org\/{rel}","templated":true}]}}