{"id":58527,"date":"2022-06-07T16:31:54","date_gmt":"2022-06-07T21:31:54","guid":{"rendered":"https:\/\/nvnoticias.mx\/?p=58527"},"modified":"2022-06-07T16:31:55","modified_gmt":"2022-06-07T21:31:55","slug":"no-hay-alerta-por-aumento-de-casos-covid-sheinbaum","status":"publish","type":"post","link":"https:\/\/nvnoticias.mx\/index.php\/2022\/06\/07\/no-hay-alerta-por-aumento-de-casos-covid-sheinbaum\/","title":{"rendered":"No hay alerta por aumento de casos covid: Sheinbaum"},"content":{"rendered":"\n<p>Ante el nuevo incremento de positivos al virus SARS-CoV-2, que provoca la enfermedad&nbsp;<strong>COVID-19<\/strong>, la jefa de Gobierno,<strong>&nbsp;Claudia Sheinbaum<\/strong>, dijo que no hay ninguna alerta en la Ciudad de M\u00e9xico.<\/p>\n\n\n\n<p>En entrevista con los medios de comunicaci\u00f3n, tras un reporte de avances en materia de movilidad, la mandataria capitalina enfatiz\u00f3 que la mayor\u00eda de la poblaci\u00f3n est\u00e1 vacunada.<\/p>\n\n\n\n<blockquote class=\"wp-block-quote is-layout-flow wp-block-quote-is-layout-flow\"><p>&#8220;Hasta ahora lo m\u00e1s importante es que estamos vacunados, entonces el contagio no est\u00e1 asociado, hasta este momento de ninguna manera, aumento de hospitalizaci\u00f3n o aumento de enfermedades graves.<\/p><\/blockquote>\n\n\n\n<p>&#8220;Por el momento seguimos monitoreando, pero no hay ninguna alerta mayor en la Ciudad&#8221;, sostuvo la titular del Ejecutivo capitalino.<\/p>\n\n\n\n<p>El 3 de junio pasado, El Heraldo de M\u00e9xico public\u00f3 que los casos positivos siguen aumentando en la Ciudad de M\u00e9xico.<\/p>\n\n\n\n<p>De acuerdo con un an\u00e1lisis a la informaci\u00f3n de la Secretar\u00eda de Salud federal, que concentra la plataforma del Consejo Nacional de Ciencia y Tecnolog\u00eda (Conacyt), en la semana del 23 al 29 de mayo de 2022, en comparaci\u00f3n con el periodo previo (16 al 22 de mayo),&nbsp;<strong>los contagios crecieron 25.4 por ciento<\/strong>, o sea pasaron de 2 mil 525 a 3 mil 167.<\/p>\n\n\n\n<p><strong>En 15 de 16 alcald\u00edas tuvieron un aumento en los casos<\/strong>, siendo Gustavo A. Madero la que mayor porcentaje present\u00f3: 53.1 por ciento&nbsp;(222 a 340).<\/p>\n\n\n\n<p>Le sigue Cuajimalpa, aumento de 51.3 por ciento (de 37 a 56 casos); Venustiano Carranza, 47.6 por ciento (107 a 158); Azcapotzalco, 44.6 por ciento (150 a 217).<\/p>\n\n\n\n<p>Coyoac\u00e1n, Iztacalco, Iztapalapa, Magdalena Contreras, \u00c1lvaro Obreg\u00f3n, Tl\u00e1huac, Tlalpan, Benito Ju\u00e1rez, Xochimilco, Cuauht\u00e9moc y Miguel Hidalgo mostraron aumentos que van del 0.8 al 39.9 por ciento.<\/p>\n\n\n\n<p><strong>Milpa Alta\u00a0<\/strong>es la \u00fanica demarcaci\u00f3n territorial que\u00a0<strong>tuvo una disminuci\u00f3n<\/strong>, pasando de 24 a 23 casos.<\/p>\n\n\n\n<p>Fuente: <a href=\"https:\/\/heraldodemexico.com.mx\/nacional\/2022\/6\/7\/no-hay-alerta-por-aumento-de-casos-covid-afirma-claudia-sheinbaum-411522.html\" data-type=\"URL\" data-id=\"https:\/\/heraldodemexico.com.mx\/nacional\/2022\/6\/7\/no-hay-alerta-por-aumento-de-casos-covid-afirma-claudia-sheinbaum-411522.html\">El Heraldo De M\u00e9xico <\/a><\/p>\n","protected":false},"excerpt":{"rendered":"<p>Ante el nuevo incremento de positivos al virus SARS-CoV-2, que provoca la enfermedad&nbsp;COVID-19, la jefa de Gobierno,&nbsp;Claudia Sheinbaum, dijo que no hay ninguna alerta en la Ciudad de M\u00e9xico. En entrevista con los medios de comunicaci\u00f3n, tras un reporte de avances en materia de movilidad, la mandataria capitalina enfatiz\u00f3 que la mayor\u00eda de la poblaci\u00f3n [&hellip;]<\/p>\n","protected":false},"author":35,"featured_media":46474,"comment_status":"open","ping_status":"open","sticky":false,"template":"","format":"standard","meta":{"_monsterinsights_skip_tracking":false,"_monsterinsights_sitenote_active":false,"_monsterinsights_sitenote_note":"","_monsterinsights_sitenote_category":0,"footnotes":""},"categories":[158],"tags":[2801,358],"class_list":["post-58527","post","type-post","status-publish","format-standard","has-post-thumbnail","hentry","category-politica","tag-claudia-sheinbaum","tag-covid","wp-image-borders"],"amp_enabled":true,"_links":{"self":[{"href":"https:\/\/nvnoticias.mx\/index.php\/wp-json\/wp\/v2\/posts\/58527","targetHints":{"allow":["GET"]}}],"collection":[{"href":"https:\/\/nvnoticias.mx\/index.php\/wp-json\/wp\/v2\/posts"}],"about":[{"href":"https:\/\/nvnoticias.mx\/index.php\/wp-json\/wp\/v2\/types\/post"}],"author":[{"embeddable":true,"href":"https:\/\/nvnoticias.mx\/index.php\/wp-json\/wp\/v2\/users\/35"}],"replies":[{"embeddable":true,"href":"https:\/\/nvnoticias.mx\/index.php\/wp-json\/wp\/v2\/comments?post=58527"}],"version-history":[{"count":5,"href":"https:\/\/nvnoticias.mx\/index.php\/wp-json\/wp\/v2\/posts\/58527\/revisions"}],"predecessor-version":[{"id":58532,"href":"https:\/\/nvnoticias.mx\/index.php\/wp-json\/wp\/v2\/posts\/58527\/revisions\/58532"}],"wp:featuredmedia":[{"embeddable":true,"href":"https:\/\/nvnoticias.mx\/index.php\/wp-json\/wp\/v2\/media\/46474"}],"wp:attachment":[{"href":"https:\/\/nvnoticias.mx\/index.php\/wp-json\/wp\/v2\/media?parent=58527"}],"wp:term":[{"taxonomy":"category","embeddable":true,"href":"https:\/\/nvnoticias.mx\/index.php\/wp-json\/wp\/v2\/categories?post=58527"},{"taxonomy":"post_tag","embeddable":true,"href":"https:\/\/nvnoticias.mx\/index.php\/wp-json\/wp\/v2\/tags?post=58527"}],"curies":[{"name":"wp","href":"https:\/\/api.w.org\/{rel}","templated":true}]}}