{"id":58516,"date":"2022-06-07T15:10:24","date_gmt":"2022-06-07T20:10:24","guid":{"rendered":"https:\/\/nvnoticias.mx\/?p=58516"},"modified":"2022-06-07T15:10:25","modified_gmt":"2022-06-07T20:10:25","slug":"no-hay-que-dar-por-muerta-a-la-oposicion-monreal","status":"publish","type":"post","link":"https:\/\/nvnoticias.mx\/index.php\/2022\/06\/07\/no-hay-que-dar-por-muerta-a-la-oposicion-monreal\/","title":{"rendered":"No hay que dar por muerta a la oposici\u00f3n: Monreal"},"content":{"rendered":"\n<p>El l\u00edder parlamentario de Morena en el Senado de la Rep\u00fablica, Ricardo Monreal, advirti\u00f3 que no hay que dar por muerta ni liquidada a la oposici\u00f3n rumbo a las elecciones presidenciales de 2024. <\/p>\n\n\n\n<p>Previ\u00f3, incluso, que Movimiento Ciudadano se reagrupar\u00e1 e ir\u00e1 con la coalici\u00f3n Va por M\u00e9xico, integrada por PAN, PRI y PRD, a la contienda por la Presidencia de la Rep\u00fablica. <\/p>\n\n\n\n<blockquote class=\"wp-block-quote is-layout-flow wp-block-quote-is-layout-flow\"><p>\u201cTampoco dar\u00eda por muerta a la oposici\u00f3n, se equivocan quienes creen que ya est\u00e1 liquidada. \u00a1No! La oposici\u00f3n sigue estando viva y no debe confiarse Morena en que se va a reagrupar; incluso, yo soy de los que sostiene que al final Movimiento Ciudadano se reagrupar\u00e1 con los tres en una estrategia hacia el 24. No obstante que su dirigente nacional ha dicho que no, pero pienso que al final el bloque de los tres, m\u00e1s Movimiento Ciudadano, caminar\u00e1n juntos en el 24, no s\u00f3lo por ser competitivos, sino por sobrevivencia\u201d, dijo. <\/p><\/blockquote>\n\n\n\n<p>Sobre la afirmaci\u00f3n de los dirigentes nacionales del PAN, PRI y PRD de que \u201chay tiro\u201d entre la coalici\u00f3n opositora y el bloque oficialista para 2024, Monreal dijo:<\/p>\n\n\n\n<blockquote class=\"wp-block-quote is-layout-flow wp-block-quote-is-layout-flow\"><p> \u201cEn la expresi\u00f3n esta coloquial, s\u00ed hay tiro, dir\u00eda que no minimizo a la oposici\u00f3n, va a haber competencia. Tampoco creo que el resultado del 24 vaya a ser muy amplio, contundente o una decisi\u00f3n inevitable para el pa\u00eds, no, creo que de momento a momento se puede estar iniciando un proceso de recuperaci\u00f3n de la oposici\u00f3n, ellos lo saben, por eso no la minimizo y no la doy por muerta\u201d, aclar\u00f3. <\/p><\/blockquote>\n\n\n\n<p>Remarc\u00f3, sin embargo, que los opositores no deben mostrarse tan jubilosos ni presentar como victoria su derrota en las elecciones del domingo pasado, al perder cuatro de las seis gubernaturas en juego.<\/p>\n\n\n\n<p> El tambi\u00e9n presidente de la Junta de Coordinaci\u00f3n Pol\u00edtica del Senado mencion\u00f3 como probables candidatos presidenciales de la alianza opositora a los panistas a Ricardo Anaya, Dami\u00e1n Zepeda, Santiago Creel, Mauricio Vila, Mauricio Vila, Maru Campos, Mauricio Kuri y Diego Sinhu\u00e9 Rodr\u00edguez; as\u00ed como al priista Alejandro Moreno; el perredista Miguel \u00c1ngel Manera, y los emecistas Luis Donaldo Colosio y Enrique Alfaro. <\/p>\n\n\n\n<p>Fuente: <a href=\"https:\/\/www.milenio.com\/politica\/ricardo-monreal-pide-muerta-oposicion-2024\" data-type=\"URL\" data-id=\"https:\/\/www.milenio.com\/politica\/ricardo-monreal-pide-muerta-oposicion-2024\">Milenio<\/a><\/p>\n","protected":false},"excerpt":{"rendered":"<p>El l\u00edder parlamentario de Morena en el Senado de la Rep\u00fablica, Ricardo Monreal, advirti\u00f3 que no hay que dar por muerta ni liquidada a la oposici\u00f3n rumbo a las elecciones presidenciales de 2024. Previ\u00f3, incluso, que Movimiento Ciudadano se reagrupar\u00e1 e ir\u00e1 con la coalici\u00f3n Va por M\u00e9xico, integrada por PAN, PRI y PRD, a [&hellip;]<\/p>\n","protected":false},"author":35,"featured_media":25845,"comment_status":"open","ping_status":"open","sticky":false,"template":"","format":"standard","meta":{"_monsterinsights_skip_tracking":false,"_monsterinsights_sitenote_active":false,"_monsterinsights_sitenote_note":"","_monsterinsights_sitenote_category":0,"footnotes":""},"categories":[158],"tags":[2108,2855,600],"class_list":["post-58516","post","type-post","status-publish","format-standard","has-post-thumbnail","hentry","category-politica","tag-muerta","tag-oposicion","tag-ricardo-monreal","wp-image-borders"],"amp_enabled":true,"_links":{"self":[{"href":"https:\/\/nvnoticias.mx\/index.php\/wp-json\/wp\/v2\/posts\/58516","targetHints":{"allow":["GET"]}}],"collection":[{"href":"https:\/\/nvnoticias.mx\/index.php\/wp-json\/wp\/v2\/posts"}],"about":[{"href":"https:\/\/nvnoticias.mx\/index.php\/wp-json\/wp\/v2\/types\/post"}],"author":[{"embeddable":true,"href":"https:\/\/nvnoticias.mx\/index.php\/wp-json\/wp\/v2\/users\/35"}],"replies":[{"embeddable":true,"href":"https:\/\/nvnoticias.mx\/index.php\/wp-json\/wp\/v2\/comments?post=58516"}],"version-history":[{"count":1,"href":"https:\/\/nvnoticias.mx\/index.php\/wp-json\/wp\/v2\/posts\/58516\/revisions"}],"predecessor-version":[{"id":58517,"href":"https:\/\/nvnoticias.mx\/index.php\/wp-json\/wp\/v2\/posts\/58516\/revisions\/58517"}],"wp:featuredmedia":[{"embeddable":true,"href":"https:\/\/nvnoticias.mx\/index.php\/wp-json\/wp\/v2\/media\/25845"}],"wp:attachment":[{"href":"https:\/\/nvnoticias.mx\/index.php\/wp-json\/wp\/v2\/media?parent=58516"}],"wp:term":[{"taxonomy":"category","embeddable":true,"href":"https:\/\/nvnoticias.mx\/index.php\/wp-json\/wp\/v2\/categories?post=58516"},{"taxonomy":"post_tag","embeddable":true,"href":"https:\/\/nvnoticias.mx\/index.php\/wp-json\/wp\/v2\/tags?post=58516"}],"curies":[{"name":"wp","href":"https:\/\/api.w.org\/{rel}","templated":true}]}}