{"id":58447,"date":"2022-06-07T12:11:28","date_gmt":"2022-06-07T17:11:28","guid":{"rendered":"https:\/\/nvnoticias.mx\/?p=58447"},"modified":"2022-06-07T12:25:24","modified_gmt":"2022-06-07T17:25:24","slug":"confirma-amlo-que-se-reunio-con-gobernadora-de-banxico-para-hablar-de-inflacion","status":"publish","type":"post","link":"https:\/\/nvnoticias.mx\/index.php\/2022\/06\/07\/confirma-amlo-que-se-reunio-con-gobernadora-de-banxico-para-hablar-de-inflacion\/","title":{"rendered":"Confirma AMLO que se reuni\u00f3 con gobernadora de Banxico para hablar de inflaci\u00f3n"},"content":{"rendered":"\n<p>El presidente&nbsp;<strong>Andr\u00e9s Manuel L\u00f3pez Obrador<\/strong>&nbsp;confirm\u00f3 que este lunes se reuni\u00f3 en Palacio Nacional con la gobernadora del Banco de M\u00e9xico (<strong>Banxico<\/strong>), Victoria Rodr\u00edguez Ceja, y con otros funcionarios, para hablar de temas hacendarios, de la inflaci\u00f3n y sobre la situaci\u00f3n econ\u00f3mica del pa\u00eds.&nbsp;<\/p>\n\n\n\n<p>El Presidente explic\u00f3 que en la reuni\u00f3n estuvieron una decena de funcionarios para ver la cuesti\u00f3n de la econom\u00eda nacional y&nbsp; las finanzas, c\u00f3mo va la situaci\u00f3n econ\u00f3mica.<\/p>\n\n\n\n<blockquote class=\"wp-block-quote is-layout-flow wp-block-quote-is-layout-flow\"><p>\u201cY va bien, estamos bien y de buenas\u201d, expres\u00f3.&nbsp;<\/p><\/blockquote>\n\n\n\n<p>El presidente L\u00f3pez Obrador dijo que la pr\u00f3xima semana entregar\u00e1 una relator\u00eda sobre los acuerdos alcanzados con 16 empresas estadounidenses del sector energ\u00e9tico que tienen que ver con los convenios entregados en la pasada administraci\u00f3n para la inversi\u00f3n y extracci\u00f3n de petr\u00f3leo.&nbsp;<\/p>\n\n\n\n<blockquote class=\"wp-block-quote is-layout-flow wp-block-quote-is-layout-flow\"><p>\u201cTambi\u00e9n hay acuerdos de plantas de licuefacci\u00f3n de gas que se van a hacer en M\u00e9xico para mandar a (gas) a Asia o Europa\u201d, dijo.&nbsp;<\/p><\/blockquote>\n\n\n\n<p>Agreg\u00f3 el presidente L\u00f3pez Obrador que la pr\u00f3xima semana el secretario de Relaciones Exteriores, Marcelo Ebrard, dar\u00e1 a conocer los detalles de los acuerdos.<\/p>\n\n\n\n<p>Fuente: <strong><a href=\"https:\/\/www.eluniversal.com.mx\/nacion\/amlo-confirma-que-se-reunio-con-gobernadora-de-banxico-para-hablar-de-inflacion\" data-type=\"URL\" data-id=\"https:\/\/www.eluniversal.com.mx\/nacion\/amlo-confirma-que-se-reunio-con-gobernadora-de-banxico-para-hablar-de-inflacion\">El Universal<\/a><\/strong><\/p>\n","protected":false},"excerpt":{"rendered":"<p>El presidente&nbsp;Andr\u00e9s Manuel L\u00f3pez Obrador&nbsp;confirm\u00f3 que este lunes se reuni\u00f3 en Palacio Nacional con la gobernadora del Banco de M\u00e9xico (Banxico), Victoria Rodr\u00edguez Ceja, y con otros funcionarios, para hablar de temas hacendarios, de la inflaci\u00f3n y sobre la situaci\u00f3n econ\u00f3mica del pa\u00eds.&nbsp; El Presidente explic\u00f3 que en la reuni\u00f3n estuvieron una decena de funcionarios [&hellip;]<\/p>\n","protected":false},"author":35,"featured_media":42788,"comment_status":"open","ping_status":"open","sticky":false,"template":"","format":"standard","meta":{"_monsterinsights_skip_tracking":false,"_monsterinsights_sitenote_active":false,"_monsterinsights_sitenote_note":"","_monsterinsights_sitenote_category":0,"footnotes":""},"categories":[157],"tags":[188,2988,8413,4853,2978,162,9338],"class_list":["post-58447","post","type-post","status-publish","format-standard","has-post-thumbnail","hentry","category-nacional","tag-amlo","tag-banxico","tag-confirma","tag-gobernadora","tag-inflacion","tag-portada","tag-reunio","wp-image-borders"],"amp_enabled":true,"_links":{"self":[{"href":"https:\/\/nvnoticias.mx\/index.php\/wp-json\/wp\/v2\/posts\/58447","targetHints":{"allow":["GET"]}}],"collection":[{"href":"https:\/\/nvnoticias.mx\/index.php\/wp-json\/wp\/v2\/posts"}],"about":[{"href":"https:\/\/nvnoticias.mx\/index.php\/wp-json\/wp\/v2\/types\/post"}],"author":[{"embeddable":true,"href":"https:\/\/nvnoticias.mx\/index.php\/wp-json\/wp\/v2\/users\/35"}],"replies":[{"embeddable":true,"href":"https:\/\/nvnoticias.mx\/index.php\/wp-json\/wp\/v2\/comments?post=58447"}],"version-history":[{"count":2,"href":"https:\/\/nvnoticias.mx\/index.php\/wp-json\/wp\/v2\/posts\/58447\/revisions"}],"predecessor-version":[{"id":58455,"href":"https:\/\/nvnoticias.mx\/index.php\/wp-json\/wp\/v2\/posts\/58447\/revisions\/58455"}],"wp:featuredmedia":[{"embeddable":true,"href":"https:\/\/nvnoticias.mx\/index.php\/wp-json\/wp\/v2\/media\/42788"}],"wp:attachment":[{"href":"https:\/\/nvnoticias.mx\/index.php\/wp-json\/wp\/v2\/media?parent=58447"}],"wp:term":[{"taxonomy":"category","embeddable":true,"href":"https:\/\/nvnoticias.mx\/index.php\/wp-json\/wp\/v2\/categories?post=58447"},{"taxonomy":"post_tag","embeddable":true,"href":"https:\/\/nvnoticias.mx\/index.php\/wp-json\/wp\/v2\/tags?post=58447"}],"curies":[{"name":"wp","href":"https:\/\/api.w.org\/{rel}","templated":true}]}}