{"id":58433,"date":"2022-06-07T11:27:42","date_gmt":"2022-06-07T16:27:42","guid":{"rendered":"https:\/\/nvnoticias.mx\/?p=58433"},"modified":"2022-06-07T11:27:44","modified_gmt":"2022-06-07T16:27:44","slug":"se-compromete-emilio-lozoya-a-reparar-dano-causado-por-odebrecht-y-agronitrogenados","status":"publish","type":"post","link":"https:\/\/nvnoticias.mx\/index.php\/2022\/06\/07\/se-compromete-emilio-lozoya-a-reparar-dano-causado-por-odebrecht-y-agronitrogenados\/","title":{"rendered":"Se compromete Emilio Lozoya a reparar da\u00f1o causado por Odebrecht y Agronitrogenados"},"content":{"rendered":"\n<p>La defensa del ex director de Petr\u00f3leos Mexicanos (Pemex),\u00a0Emilio Lozoya Austin, inform\u00f3 que su cliente est\u00e1 en la mejor disposici\u00f3n de cubrir \u00edntegramente los montos solicitados por diversas autoridades para cubrir la reparaci\u00f3n del da\u00f1o en los procesos que enfrenta por los casos\u00a0Odebrecht\u00a0y la planta chatarra de\u00a0Agronitrogenados.<\/p>\n\n\n\n<p>A trav\u00e9s de un comunicado, los abogados\u00a0<strong>Miguel Ontiveros Alonso y Alejandro Rojas Pruneda<\/strong>, mencionaron que el compromiso de Lozoya Austin con las v\u00edctimas, la Fiscal\u00eda General de la Rep\u00fablica (FGR) y las instituciones del Estado mexicano es \u201cfirme, s\u00f3lido y permanente\u201d.<\/p>\n\n\n\n<p>Respecto al adeudo fiscal de 2 millones 695 mil 985.32 pesos, por concepto del&nbsp;<strong>Impuesto Sobre la Renta<\/strong>&nbsp;(<strong>ISR<\/strong>), asegur\u00f3 que el monto fijado por las autoridades hacendarias y la Procuradur\u00eda Fiscal, ya fue cubierto.<\/p>\n\n\n\n<p>Reiteraron que el ex director de Pemex es el funcionario de mayor nivel de la pasada administraci\u00f3n que se ha atrevido a denunciar actos de corrupci\u00f3n en el sexenio pasado.<\/p>\n\n\n\n<p>Indicaron que Emilio Lozoya aport\u00f3 pruebas que sostienen plenamente sus afirmaciones, lo que permiti\u00f3, ejercer acci\u00f3n penal en contra de, por lo menos tres personas involucradas en su denuncia, misma que se compromete a ratificar cuantas veces sea necesaria.<\/p>\n\n\n\n<p>Emilio Lozoya ofreci\u00f3 pagar 10.7 millones de d\u00f3lares por concepto de reparaci\u00f3n del da\u00f1o para obtener un acuerdo reparatorio y un criterio de oportunidad, para que se suspendan los procesos penales en Odebrecht y Agronitrogenados.<\/p>\n\n\n\n<p>Ayer, la Fiscal\u00eda General de la Rep\u00fablica (FGR)&nbsp; inform\u00f3 que Emilio Lozoya no ha cumplido con la reparaci\u00f3n del da\u00f1o.&nbsp;La dependencia apunt\u00f3 que en ambos casos el ex funcionario contin\u00faa sus procesos sin alg\u00fan beneficio procesal.<\/p>\n\n\n\n<p>La FGR puntualiz\u00f3 que tanto en Odebrecht como en Agronitrogenados la reparaci\u00f3n del da\u00f1o es obligatoria para que Emilio Lozoya pueda gozar de un beneficio, como es la libertad.<\/p>\n\n\n\n<p>Mencion\u00f3 que por el caso de la planta chatarra se le tienen embargados bienes sometidos a extinci\u00f3n de dominio.&nbsp;Por lo que hace a un adeudo fiscal de 2 millones 695 mil 985.32 pesos, por pago de impuestos del ejercicio fiscal 2016, a\u00f1adi\u00f3 que dicho pago lo ha estado gestionando a trav\u00e9s de la Procuradur\u00eda Fiscal de la Secretar\u00eda de Hacienda y Cr\u00e9dito P\u00fablico, situaci\u00f3n que se encuentra en tr\u00e1mite.<\/p>\n\n\n\n<blockquote class=\"wp-block-quote is-layout-flow wp-block-quote-is-layout-flow\"><p>\u201cEste pago de impuestos no tiene vinculaci\u00f3n de ninguna naturaleza, ni conexi\u00f3n de ning\u00fan tipo con los dos casos anteriores\u201d, precis\u00f3 la instituci\u00f3n.<\/p><\/blockquote>\n\n\n\n<p>Fuente:<a href=\"https:\/\/www.milenio.com\/politica\/emilio-lozoya-compromete-reparar-dano-odebrecht-agronitrogenados\" data-type=\"URL\" data-id=\"https:\/\/www.milenio.com\/politica\/emilio-lozoya-compromete-reparar-dano-odebrecht-agronitrogenados\"> Milenio<\/a><\/p>\n","protected":false},"excerpt":{"rendered":"<p>La defensa del ex director de Petr\u00f3leos Mexicanos (Pemex),\u00a0Emilio Lozoya Austin, inform\u00f3 que su cliente est\u00e1 en la mejor disposici\u00f3n de cubrir \u00edntegramente los montos solicitados por diversas autoridades para cubrir la reparaci\u00f3n del da\u00f1o en los procesos que enfrenta por los casos\u00a0Odebrecht\u00a0y la planta chatarra de\u00a0Agronitrogenados. A trav\u00e9s de un comunicado, los abogados\u00a0Miguel Ontiveros [&hellip;]<\/p>\n","protected":false},"author":35,"featured_media":29684,"comment_status":"open","ping_status":"open","sticky":false,"template":"","format":"standard","meta":{"_monsterinsights_skip_tracking":false,"_monsterinsights_sitenote_active":false,"_monsterinsights_sitenote_note":"","_monsterinsights_sitenote_category":0,"footnotes":""},"categories":[158],"tags":[5920,12994,11541,8637,1259,1935,15711],"class_list":["post-58433","post","type-post","status-publish","format-standard","has-post-thumbnail","hentry","category-politica","tag-agronitrogenados","tag-causado","tag-compromete","tag-dano","tag-emilio-lozoya-austin","tag-odebrecht","tag-reparar","wp-image-borders"],"amp_enabled":true,"_links":{"self":[{"href":"https:\/\/nvnoticias.mx\/index.php\/wp-json\/wp\/v2\/posts\/58433","targetHints":{"allow":["GET"]}}],"collection":[{"href":"https:\/\/nvnoticias.mx\/index.php\/wp-json\/wp\/v2\/posts"}],"about":[{"href":"https:\/\/nvnoticias.mx\/index.php\/wp-json\/wp\/v2\/types\/post"}],"author":[{"embeddable":true,"href":"https:\/\/nvnoticias.mx\/index.php\/wp-json\/wp\/v2\/users\/35"}],"replies":[{"embeddable":true,"href":"https:\/\/nvnoticias.mx\/index.php\/wp-json\/wp\/v2\/comments?post=58433"}],"version-history":[{"count":1,"href":"https:\/\/nvnoticias.mx\/index.php\/wp-json\/wp\/v2\/posts\/58433\/revisions"}],"predecessor-version":[{"id":58434,"href":"https:\/\/nvnoticias.mx\/index.php\/wp-json\/wp\/v2\/posts\/58433\/revisions\/58434"}],"wp:featuredmedia":[{"embeddable":true,"href":"https:\/\/nvnoticias.mx\/index.php\/wp-json\/wp\/v2\/media\/29684"}],"wp:attachment":[{"href":"https:\/\/nvnoticias.mx\/index.php\/wp-json\/wp\/v2\/media?parent=58433"}],"wp:term":[{"taxonomy":"category","embeddable":true,"href":"https:\/\/nvnoticias.mx\/index.php\/wp-json\/wp\/v2\/categories?post=58433"},{"taxonomy":"post_tag","embeddable":true,"href":"https:\/\/nvnoticias.mx\/index.php\/wp-json\/wp\/v2\/tags?post=58433"}],"curies":[{"name":"wp","href":"https:\/\/api.w.org\/{rel}","templated":true}]}}