{"id":58190,"date":"2022-06-05T17:20:19","date_gmt":"2022-06-05T22:20:19","guid":{"rendered":"https:\/\/nvnoticias.mx\/?p=58190"},"modified":"2022-06-05T17:22:33","modified_gmt":"2022-06-05T22:22:33","slug":"llaman-a-unir-esfuerzos-por-la-transformacion-de-la-region-centro","status":"publish","type":"post","link":"https:\/\/nvnoticias.mx\/index.php\/2022\/06\/05\/llaman-a-unir-esfuerzos-por-la-transformacion-de-la-region-centro\/","title":{"rendered":"Llaman a unir esfuerzos por la transformaci\u00f3n de la regi\u00f3n centro"},"content":{"rendered":"\n<p><strong>Jes\u00fas Utrilla | NV Noticias<\/strong>\u00a0<\/p>\n\n\n\n<p>Este domingo el alcalde Juan Mart\u00ednez Flores se reuni\u00f3 con alcaldes de la zona centro de Veracruz e hizo un llamado a fortalecer la regi\u00f3n, abonar al proyecto de la federaci\u00f3n y el estado, con el gobernador, Cuitl\u00e1huac Garc\u00eda Jim\u00e9nez, con trabajo, resultados para la poblaci\u00f3n y crecer en unidad como una regi\u00f3n que progresa y brinda bienestar.<\/p>\n\n\n\n<p>C\u00f3rdoba como municipio que concentra industria, empresas prestadoras de servicios, oficinas regionales y diversas actividades, fue sede de este cabildeo que busca crecer la alianza para impactar de manera econ\u00f3mica y de desarrollo social a la poblaci\u00f3n y sus sectores, respaldados por el gobierno de Cuitl\u00e1huac Garc\u00eda Jim\u00e9nez, y del Congreso del Estado, a trav\u00e9s del diputado Juan Javier G\u00f3mez Cazar\u00edn.<\/p>\n\n\n\n<p>Entre los temas abordados en la reuni\u00f3n se plante\u00f3 la problem\u00e1tica de la generaci\u00f3n de basura, el suministro de agua potable, salud y destac\u00f3 el de seguridad, esto en coordinaci\u00f3n con las dependencias competentes.<\/p>\n\n\n\n<p>En esta mesa de trabajo particip\u00f3 la alcaldesa de Ixhuatl\u00e1n del Caf\u00e9, Dora Ang\u00e9lica Galicia Contreras; el alcalde de Yanga, Fernando Gordillo Torres; de Amatl\u00e1n, Luis Arturo Figueroa Vargas; de Cuitl\u00e1huac, Mart\u00edn Rico Mart\u00ednez; de Texhuacan, Mar\u00eda Regina Calixto Tello; de Omealca, Nallely Cort\u00e9s Jim\u00e9nez; de Chocam\u00e1n, Ernesto Ruiz Garc\u00eda; de Coetzala, Alejandro Garc\u00eda Hern\u00e1ndez; de Naranjal, Aleida Tepepa M\u00e1rquez, y de Tomatl\u00e1n, Antonio L\u00f3pez Cansino, as\u00ed como la s\u00edndica de C\u00f3rdoba, Vania L\u00f3pez Gonz\u00e1lez.<\/p>\n\n\n\n<p>Por motivos de agenda las autoridades de los municipios de Paso del Macho, Fort\u00edn, Astacinga, Ixtaczoquitl\u00e1n, Zongolica y Atoyac, confirmaron su participaci\u00f3n para las pr\u00f3ximas reuniones y sumarse a este equipo de trabajo.<\/p>\n\n\n\n<p>Mart\u00ednez Flores agradeci\u00f3 a los ediles por el trabajo colaborativo, afrontar problem\u00e1ticas que impactan de manera regional, as\u00ed como consolidar los proyectos de naci\u00f3n y del estado que hoy llegan sin distingos a toda la poblaci\u00f3n y de manera directa, lo que permite un verdadero desarrollo para la zona.<\/p>\n\n\n\n<p>El alcalde cordob\u00e9s anunci\u00f3 que estas reuniones continuar\u00e1n realiz\u00e1ndose y sumando a m\u00e1s autoridades municipales, a fin de crear mayor colaboraci\u00f3n para sus comunidades.<\/p>\n","protected":false},"excerpt":{"rendered":"<p>Jes\u00fas Utrilla | NV Noticias\u00a0 Este domingo el alcalde Juan Mart\u00ednez Flores se reuni\u00f3 con alcaldes de la zona centro de Veracruz e hizo un llamado a fortalecer la regi\u00f3n, abonar al proyecto de la federaci\u00f3n y el estado, con el gobernador, Cuitl\u00e1huac Garc\u00eda Jim\u00e9nez, con trabajo, resultados para la poblaci\u00f3n y crecer en unidad [&hellip;]<\/p>\n","protected":false},"author":6,"featured_media":58191,"comment_status":"open","ping_status":"open","sticky":false,"template":"","format":"standard","meta":{"_monsterinsights_skip_tracking":false,"_monsterinsights_sitenote_active":false,"_monsterinsights_sitenote_note":"","_monsterinsights_sitenote_category":0,"footnotes":""},"categories":[154],"tags":[15662],"class_list":["post-58190","post","type-post","status-publish","format-standard","has-post-thumbnail","hentry","category-veracruz","tag-region-centro","wp-image-borders"],"amp_enabled":true,"_links":{"self":[{"href":"https:\/\/nvnoticias.mx\/index.php\/wp-json\/wp\/v2\/posts\/58190","targetHints":{"allow":["GET"]}}],"collection":[{"href":"https:\/\/nvnoticias.mx\/index.php\/wp-json\/wp\/v2\/posts"}],"about":[{"href":"https:\/\/nvnoticias.mx\/index.php\/wp-json\/wp\/v2\/types\/post"}],"author":[{"embeddable":true,"href":"https:\/\/nvnoticias.mx\/index.php\/wp-json\/wp\/v2\/users\/6"}],"replies":[{"embeddable":true,"href":"https:\/\/nvnoticias.mx\/index.php\/wp-json\/wp\/v2\/comments?post=58190"}],"version-history":[{"count":1,"href":"https:\/\/nvnoticias.mx\/index.php\/wp-json\/wp\/v2\/posts\/58190\/revisions"}],"predecessor-version":[{"id":58192,"href":"https:\/\/nvnoticias.mx\/index.php\/wp-json\/wp\/v2\/posts\/58190\/revisions\/58192"}],"wp:featuredmedia":[{"embeddable":true,"href":"https:\/\/nvnoticias.mx\/index.php\/wp-json\/wp\/v2\/media\/58191"}],"wp:attachment":[{"href":"https:\/\/nvnoticias.mx\/index.php\/wp-json\/wp\/v2\/media?parent=58190"}],"wp:term":[{"taxonomy":"category","embeddable":true,"href":"https:\/\/nvnoticias.mx\/index.php\/wp-json\/wp\/v2\/categories?post=58190"},{"taxonomy":"post_tag","embeddable":true,"href":"https:\/\/nvnoticias.mx\/index.php\/wp-json\/wp\/v2\/tags?post=58190"}],"curies":[{"name":"wp","href":"https:\/\/api.w.org\/{rel}","templated":true}]}}