{"id":58076,"date":"2022-06-04T13:16:14","date_gmt":"2022-06-04T18:16:14","guid":{"rendered":"https:\/\/nvnoticias.mx\/?p=58076"},"modified":"2022-06-04T13:16:15","modified_gmt":"2022-06-04T18:16:15","slug":"buscan-que-familias-de-otros-municipios-conozcan-de-manera-gratuita-el-museo-de-antropologia-de-xalapa","status":"publish","type":"post","link":"https:\/\/nvnoticias.mx\/index.php\/2022\/06\/04\/buscan-que-familias-de-otros-municipios-conozcan-de-manera-gratuita-el-museo-de-antropologia-de-xalapa\/","title":{"rendered":"Buscan que familias de otros municipios conozcan de manera gratuita el Museo de Antropolog\u00eda de Xalapa"},"content":{"rendered":"\n<p><strong>Sam Ojeda\u00a0\/ NV Noticias<\/strong><\/p>\n\n\n\n<p>Xalapa.- El encargado de la direcci\u00f3n de Turismo de Xalapa, Josu\u00e9 V\u00e1zquez Gonz\u00e1lez, dijo que buscan coordinarse con municipios aleda\u00f1os para que las familias puedan visitar el Museo de Antropolog\u00eda los domingos.<\/p>\n\n\n\n<p>Esto ya que el funcionario record\u00f3 que el Museo de Antropolog\u00eda ha abierto sus puertas para que la entrada sea de manera gratuita.<\/p>\n\n\n\n<blockquote class=\"wp-block-quote is-layout-flow wp-block-quote-is-layout-flow\"><p>\u201c<em>Nosotros estamos participando con una promoci\u00f3n tur\u00edstica de esta nueva iniciativa, a partir del domingo el museo abrir\u00e1 sus puertas entonces estamos en esa labor de poderlo promocionar ya que es el segundo museo m\u00e1s importante de Latinoam\u00e9rica<\/em>\u201d.<\/p><\/blockquote>\n\n\n\n<p>Explic\u00f3 que aunque el museo depende de la Universidad Veracruzana y no del municipio, est\u00e1n coadyuvando para que lleguen turistas este d\u00eda a la capital del estado.<\/p>\n\n\n\n<blockquote class=\"wp-block-quote is-layout-flow wp-block-quote-is-layout-flow\"><p>\u201c<em>Nuestra promoci\u00f3n va directamente a trav\u00e9s de redes sociales, a trav\u00e9s de contenidos, incitando y promoviendo, sacando spots, sacando contenido, diciendo los d\u00edas domingo el Museo de Antropolog\u00eda es abierto y gratuito para todos los turistas<\/em>\u201d.<\/p><\/blockquote>\n\n\n\n<p>Admiti\u00f3 que no cuentan con unidades de transporte para trasladar a poblaciones de otras ciudades s\u00ed hay vinculaci\u00f3n con directores de Turismo de zonas aleda\u00f1as con quienes se podr\u00eda hacer esa coordinaci\u00f3n.<\/p>\n\n\n\n<blockquote class=\"wp-block-quote is-layout-flow wp-block-quote-is-layout-flow\"><p>\u201c<em>Necesitamos de los municipios de los municipios que nos complementan, estamos en esa labor de hacer esa vinculaci\u00f3n con los municipios aleda\u00f1os para hacer esta acci\u00f3n porque ellos tambi\u00e9n necesitan que en Xalapa promocionemos sus destinos<\/em>\u201d.<\/p><\/blockquote>\n","protected":false},"excerpt":{"rendered":"<p>Sam Ojeda\u00a0\/ NV Noticias Xalapa.- El encargado de la direcci\u00f3n de Turismo de Xalapa, Josu\u00e9 V\u00e1zquez Gonz\u00e1lez, dijo que buscan coordinarse con municipios aleda\u00f1os para que las familias puedan visitar el Museo de Antropolog\u00eda los domingos. Esto ya que el funcionario record\u00f3 que el Museo de Antropolog\u00eda ha abierto sus puertas para que la entrada [&hellip;]<\/p>\n","protected":false},"author":8,"featured_media":58077,"comment_status":"open","ping_status":"open","sticky":false,"template":"","format":"standard","meta":{"_monsterinsights_skip_tracking":false,"_monsterinsights_sitenote_active":false,"_monsterinsights_sitenote_note":"","_monsterinsights_sitenote_category":0,"footnotes":""},"categories":[156],"tags":[2810,15653],"class_list":["post-58076","post","type-post","status-publish","format-standard","has-post-thumbnail","hentry","category-estado","tag-municipios","tag-museo-de-antropologia-de-xalapa","wp-image-borders"],"amp_enabled":true,"_links":{"self":[{"href":"https:\/\/nvnoticias.mx\/index.php\/wp-json\/wp\/v2\/posts\/58076","targetHints":{"allow":["GET"]}}],"collection":[{"href":"https:\/\/nvnoticias.mx\/index.php\/wp-json\/wp\/v2\/posts"}],"about":[{"href":"https:\/\/nvnoticias.mx\/index.php\/wp-json\/wp\/v2\/types\/post"}],"author":[{"embeddable":true,"href":"https:\/\/nvnoticias.mx\/index.php\/wp-json\/wp\/v2\/users\/8"}],"replies":[{"embeddable":true,"href":"https:\/\/nvnoticias.mx\/index.php\/wp-json\/wp\/v2\/comments?post=58076"}],"version-history":[{"count":1,"href":"https:\/\/nvnoticias.mx\/index.php\/wp-json\/wp\/v2\/posts\/58076\/revisions"}],"predecessor-version":[{"id":58078,"href":"https:\/\/nvnoticias.mx\/index.php\/wp-json\/wp\/v2\/posts\/58076\/revisions\/58078"}],"wp:featuredmedia":[{"embeddable":true,"href":"https:\/\/nvnoticias.mx\/index.php\/wp-json\/wp\/v2\/media\/58077"}],"wp:attachment":[{"href":"https:\/\/nvnoticias.mx\/index.php\/wp-json\/wp\/v2\/media?parent=58076"}],"wp:term":[{"taxonomy":"category","embeddable":true,"href":"https:\/\/nvnoticias.mx\/index.php\/wp-json\/wp\/v2\/categories?post=58076"},{"taxonomy":"post_tag","embeddable":true,"href":"https:\/\/nvnoticias.mx\/index.php\/wp-json\/wp\/v2\/tags?post=58076"}],"curies":[{"name":"wp","href":"https:\/\/api.w.org\/{rel}","templated":true}]}}