{"id":58053,"date":"2022-06-04T10:42:45","date_gmt":"2022-06-04T15:42:45","guid":{"rendered":"https:\/\/nvnoticias.mx\/?p=58053"},"modified":"2022-06-04T10:42:47","modified_gmt":"2022-06-04T15:42:47","slug":"christian-nodal-se-arrepiente-de-lanzar-cancion-contra-j-balvin","status":"publish","type":"post","link":"https:\/\/nvnoticias.mx\/index.php\/2022\/06\/04\/christian-nodal-se-arrepiente-de-lanzar-cancion-contra-j-balvin\/","title":{"rendered":"Christian Nodal se arrepiente de lanzar canci\u00f3n contra J Balvin"},"content":{"rendered":"\n<p>Christian Nodal\u00a0se arrepiente de la canci\u00f3n que compuso para\u00a0J Balvin, as\u00ed lo confes\u00f3 en un concierto que ofreci\u00f3 la noche de ayer en Morelia, donde admiti\u00f3 que se arrepent\u00eda de haber escrito esa canci\u00f3n, pero que ya no hab\u00eda vuelta atr\u00e1s.\u00a0<\/p>\n\n\n\n<blockquote class=\"wp-block-quote is-layout-flow wp-block-quote-is-layout-flow\"><p>&#8220;<em>Me arrepent\u00ed y me arrepiento ya no hay manera de pararlo, va a salir<\/em>&#8220;, dijo, adem\u00e1s asegur\u00f3 que \u00e9l y Balvin ya hablaron y aclararon las cosas.\u00a0<\/p><\/blockquote>\n\n\n\n<p>El cantante de 23 a\u00f1os aconsej\u00f3 a su p\u00fablico no ser &#8220;mierda&#8221; con la gente, ser emp\u00e1tico, porque cuando no lo eres &#8220;pasan estas cosas&#8221;.&nbsp;<\/p>\n\n\n\n<blockquote class=\"wp-block-quote is-layout-flow wp-block-quote-is-layout-flow\"><p>&#8220;<em>No hay que ser mierda en la vida, porque cuando se es mierda estas cosas son las que pasan, cuando no se es consciente de cu\u00e1nto da\u00f1o le podemos hacer a las dem\u00e1s personas; resp\u00e9tense y respeten a los dem\u00e1s hay que amarnos mucho, somos s\u00f3lo una raza humana, no hay que hacernos mierda, no hay que aplastar los sue\u00f1os de nadie, hay que ayudar a que se cumplan<\/em>&#8220;, expres\u00f3 Christian en medio de aplausos.\u00a0<\/p><\/blockquote>\n\n\n\n<p>El int\u00e9rprete de regional mexicano reiter\u00f3 su disculpa para el reggaetonero y dijo que el tema contra \u00e9l era s\u00f3lo un referente para la inconsciencia que hay en el mundo, y admiti\u00f3 que todos cometemos errores.&nbsp;<\/p>\n\n\n\n<blockquote class=\"wp-block-quote is-layout-flow wp-block-quote-is-layout-flow\"><p>&#8220;<em>Lo siento mucho Balvin, todos tenemos nuestros cinco minutos de pendejismo, yo la he cagado much\u00edsimo; Balvin era un referente de la inconsciencia que hay en este mundo, no es Balvin, es este mundo<\/em>&#8220;, finaliz\u00f3.\u00a0<\/p><\/blockquote>\n\n\n\n<p>Fuente: <a href=\"https:\/\/www.eluniversal.com.mx\/espectaculos\/christian-nodal-se-arrepiente-de-lanzar-cancion-contra-j-balvin-pide-disculpas\">El Universal<\/a><\/p>\n","protected":false},"excerpt":{"rendered":"<p>Christian Nodal\u00a0se arrepiente de la canci\u00f3n que compuso para\u00a0J Balvin, as\u00ed lo confes\u00f3 en un concierto que ofreci\u00f3 la noche de ayer en Morelia, donde admiti\u00f3 que se arrepent\u00eda de haber escrito esa canci\u00f3n, pero que ya no hab\u00eda vuelta atr\u00e1s.\u00a0 &#8220;Me arrepent\u00ed y me arrepiento ya no hay manera de pararlo, va a salir&#8220;, [&hellip;]<\/p>\n","protected":false},"author":8,"featured_media":58054,"comment_status":"open","ping_status":"open","sticky":false,"template":"","format":"standard","meta":{"_monsterinsights_skip_tracking":false,"_monsterinsights_sitenote_active":false,"_monsterinsights_sitenote_note":"","_monsterinsights_sitenote_category":0,"footnotes":""},"categories":[576],"tags":[3953,2860],"class_list":["post-58053","post","type-post","status-publish","format-standard","has-post-thumbnail","hentry","category-ocio","tag-christian-nodal","tag-j-balvin","wp-image-borders"],"amp_enabled":true,"_links":{"self":[{"href":"https:\/\/nvnoticias.mx\/index.php\/wp-json\/wp\/v2\/posts\/58053","targetHints":{"allow":["GET"]}}],"collection":[{"href":"https:\/\/nvnoticias.mx\/index.php\/wp-json\/wp\/v2\/posts"}],"about":[{"href":"https:\/\/nvnoticias.mx\/index.php\/wp-json\/wp\/v2\/types\/post"}],"author":[{"embeddable":true,"href":"https:\/\/nvnoticias.mx\/index.php\/wp-json\/wp\/v2\/users\/8"}],"replies":[{"embeddable":true,"href":"https:\/\/nvnoticias.mx\/index.php\/wp-json\/wp\/v2\/comments?post=58053"}],"version-history":[{"count":1,"href":"https:\/\/nvnoticias.mx\/index.php\/wp-json\/wp\/v2\/posts\/58053\/revisions"}],"predecessor-version":[{"id":58055,"href":"https:\/\/nvnoticias.mx\/index.php\/wp-json\/wp\/v2\/posts\/58053\/revisions\/58055"}],"wp:featuredmedia":[{"embeddable":true,"href":"https:\/\/nvnoticias.mx\/index.php\/wp-json\/wp\/v2\/media\/58054"}],"wp:attachment":[{"href":"https:\/\/nvnoticias.mx\/index.php\/wp-json\/wp\/v2\/media?parent=58053"}],"wp:term":[{"taxonomy":"category","embeddable":true,"href":"https:\/\/nvnoticias.mx\/index.php\/wp-json\/wp\/v2\/categories?post=58053"},{"taxonomy":"post_tag","embeddable":true,"href":"https:\/\/nvnoticias.mx\/index.php\/wp-json\/wp\/v2\/tags?post=58053"}],"curies":[{"name":"wp","href":"https:\/\/api.w.org\/{rel}","templated":true}]}}