{"id":57991,"date":"2022-06-03T16:16:50","date_gmt":"2022-06-03T21:16:50","guid":{"rendered":"https:\/\/nvnoticias.mx\/?p=57991"},"modified":"2022-06-03T16:22:31","modified_gmt":"2022-06-03T21:22:31","slug":"tras-extradicion-de-cesar-duarte-sre-va-por-tomas-zeron-ebrard","status":"publish","type":"post","link":"https:\/\/nvnoticias.mx\/index.php\/2022\/06\/03\/tras-extradicion-de-cesar-duarte-sre-va-por-tomas-zeron-ebrard\/","title":{"rendered":"Tras extradici\u00f3n de C\u00e9sar Duarte, SRE va por Tom\u00e1s Zer\u00f3n: Ebrard"},"content":{"rendered":"\n<p>Luego de la&nbsp;extradici\u00f3n del ex gobernador de Chihuahua, C\u00e9sar Duarte, el secretario de Relaciones Exteriores, Marcelo Ebrard, sostuvo que ahora la prioridad de M\u00e9xico en la materia es concretar la extradici\u00f3n del ex titular de la Agencia de Investigaci\u00f3n Criminal, Tom\u00e1s Zer\u00f3n.<\/p>\n\n\n\n<blockquote class=\"wp-block-quote is-layout-flow wp-block-quote-is-layout-flow\"><p>&#8220;<em>Prioritaria la de Zer\u00f3n. Es prioritario para nosotros y no vamos a quitar el dedo del rengl\u00f3n porque pues es una contribuci\u00f3n estrat\u00e9gica para dilucidar los hechos de Ayotzinapa, entonces lo tenemos como prioridad aqu\u00ed en la Canciller\u00eda<\/em>&#8220;, asegur\u00f3 Ebrard en un mensaje a medios este viernes luego de encabezar el Encuentro de Diplomacia Ind\u00edgena. <\/p><\/blockquote>\n\n\n\n<p>En ese sentido, detall\u00f3 que entre los avances que hay para concretar la extradici\u00f3n de Zer\u00f3n desde Israel est\u00e1 que ya se han integrado todos los elementos de prueba que le fueron requeridos a la Fiscal\u00eda General de la Rep\u00fablica (FGR) en el pa\u00eds mediterr\u00e1neo. <\/p>\n\n\n\n<blockquote class=\"wp-block-quote is-layout-flow wp-block-quote-is-layout-flow\"><p>&#8220;<em>La Fiscal\u00eda nos dice que ha presentado ya los elementos de prueba que le pidieron, entonces yo dir\u00eda que ese caso va a avanzar ya m\u00e1s r\u00e1pido porque ya tienen todo integrado; tom\u00f3 tiempo integrarlo porque las leyes all\u00e1 tienen una serie de particularidades, pero ya lo resolvi\u00f3 la Fiscal\u00eda General de la Rep\u00fablica, entonces soy razonablemente optimista de que eso pueda procesarse pronto, ojal\u00e1<\/em>&#8220;, dijo. <\/p><\/blockquote>\n\n\n\n<p>Respecto a la extradici\u00f3n de Duarte, tras celebrar que se haya completado, Ebrard record\u00f3 que M\u00e9xico ha solicitado relativamente pocas extradiciones en comparaci\u00f3n con las solicitadas por el gobierno estadunidense, que suman m\u00e1s de 35 en los \u00faltimos a\u00f1os. <\/p>\n\n\n\n<blockquote class=\"wp-block-quote is-layout-flow wp-block-quote-is-layout-flow\"><p>&#8220;<em>Estaba en la mesa como un planteamiento de M\u00e9xico decir: bueno, M\u00e9xico ha mandado a Estados Unidos en lo que va de este gobierno, f\u00e1cilmente m\u00e1s de 35 personas de peligrosidad o de importancia. Y M\u00e9xico hab\u00eda solicitado o ha solicitado pues relativamente pocas extradiciones y no se hab\u00edan dado algunas de ellas importantes, como esta<\/em>&#8220;, insisti\u00f3. <\/p><\/blockquote>\n\n\n\n<p>Destac\u00f3 que, una vez complementada la extradici\u00f3n de Duarte a M\u00e9xico desde Estados Unidos, ahora corresponde las autoridades judiciales determinar su situaci\u00f3n legal. <\/p>\n\n\n\n<p>Fuente: <a href=\"https:\/\/www.milenio.com\/politica\/sre-extradicion-tomas-zeron-marcelo-ebrard\">Milenio<\/a><\/p>\n","protected":false},"excerpt":{"rendered":"<p>Luego de la&nbsp;extradici\u00f3n del ex gobernador de Chihuahua, C\u00e9sar Duarte, el secretario de Relaciones Exteriores, Marcelo Ebrard, sostuvo que ahora la prioridad de M\u00e9xico en la materia es concretar la extradici\u00f3n del ex titular de la Agencia de Investigaci\u00f3n Criminal, Tom\u00e1s Zer\u00f3n. &#8220;Prioritaria la de Zer\u00f3n. Es prioritario para nosotros y no vamos a quitar [&hellip;]<\/p>\n","protected":false},"author":8,"featured_media":57993,"comment_status":"open","ping_status":"open","sticky":false,"template":"","format":"standard","meta":{"_monsterinsights_skip_tracking":false,"_monsterinsights_sitenote_active":false,"_monsterinsights_sitenote_note":"","_monsterinsights_sitenote_category":0,"footnotes":""},"categories":[158],"tags":[407,391,162,5627,389],"class_list":["post-57991","post","type-post","status-publish","format-standard","has-post-thumbnail","hentry","category-politica","tag-cesar-duarte","tag-marcelo-ebrard","tag-portada","tag-sre","tag-tomas-zeron","wp-image-borders"],"amp_enabled":true,"_links":{"self":[{"href":"https:\/\/nvnoticias.mx\/index.php\/wp-json\/wp\/v2\/posts\/57991","targetHints":{"allow":["GET"]}}],"collection":[{"href":"https:\/\/nvnoticias.mx\/index.php\/wp-json\/wp\/v2\/posts"}],"about":[{"href":"https:\/\/nvnoticias.mx\/index.php\/wp-json\/wp\/v2\/types\/post"}],"author":[{"embeddable":true,"href":"https:\/\/nvnoticias.mx\/index.php\/wp-json\/wp\/v2\/users\/8"}],"replies":[{"embeddable":true,"href":"https:\/\/nvnoticias.mx\/index.php\/wp-json\/wp\/v2\/comments?post=57991"}],"version-history":[{"count":2,"href":"https:\/\/nvnoticias.mx\/index.php\/wp-json\/wp\/v2\/posts\/57991\/revisions"}],"predecessor-version":[{"id":57998,"href":"https:\/\/nvnoticias.mx\/index.php\/wp-json\/wp\/v2\/posts\/57991\/revisions\/57998"}],"wp:featuredmedia":[{"embeddable":true,"href":"https:\/\/nvnoticias.mx\/index.php\/wp-json\/wp\/v2\/media\/57993"}],"wp:attachment":[{"href":"https:\/\/nvnoticias.mx\/index.php\/wp-json\/wp\/v2\/media?parent=57991"}],"wp:term":[{"taxonomy":"category","embeddable":true,"href":"https:\/\/nvnoticias.mx\/index.php\/wp-json\/wp\/v2\/categories?post=57991"},{"taxonomy":"post_tag","embeddable":true,"href":"https:\/\/nvnoticias.mx\/index.php\/wp-json\/wp\/v2\/tags?post=57991"}],"curies":[{"name":"wp","href":"https:\/\/api.w.org\/{rel}","templated":true}]}}