{"id":57979,"date":"2022-06-03T15:09:54","date_gmt":"2022-06-03T20:09:54","guid":{"rendered":"https:\/\/nvnoticias.mx\/?p=57979"},"modified":"2022-06-03T15:09:56","modified_gmt":"2022-06-03T20:09:56","slug":"recibe-morena-en-senado-iniciativa-de-reforma-municipal-presupuestal","status":"publish","type":"post","link":"https:\/\/nvnoticias.mx\/index.php\/2022\/06\/03\/recibe-morena-en-senado-iniciativa-de-reforma-municipal-presupuestal\/","title":{"rendered":"Recibe Morena en Senado iniciativa de reforma municipal presupuestal"},"content":{"rendered":"\n<p><strong>Armenta Mier,<\/strong>\u00a0recibieron una<strong>\u00a0iniciativa\u00a0<\/strong>del\u00a0<strong>presidente municipal de Ciudad Ju\u00e1rez<\/strong>, Cruz P\u00e9rez Cu\u00e9llar, para que los municipios del pa\u00eds reciban la asignaci\u00f3n presupuestaria de manera proporcional a la densidad de poblaci\u00f3n con la que cuenta cada localidad, a fin de que puedan proporcionar los servicios p\u00fablicos de forma eficaz.<\/p>\n\n\n\n<p>En conferencia de prensa, el coordinador parlamentario de Morena en el Senado, Ricardo Monreal \u00c1vila, dijo que la propuesta ayudar\u00e1 a las finanzas de los municipios que est\u00e1n muy poblados y que proporcionalmente no son tratados de manera justa y equitativa.<\/p>\n\n\n\n<p>Este proyecto, detall\u00f3, crea y modifica diversas disposiciones en materia de coordinaci\u00f3n fiscal, por lo que hay una serie de elementos que se deben analizar puntualmente.<\/p>\n\n\n\n<p>Adem\u00e1s, inform\u00f3 que el documento se presentar\u00e1 la pr\u00f3xima semana en la Comisi\u00f3n Permanente y ser\u00e1 turnado a las comisiones de la C\u00e1mara de Diputados.<\/p>\n\n\n\n<p>Esto \u00faltimo, explic\u00f3 Monreal \u00c1vila, se debe a que, de acuerdo con la Ley, todos los temas fiscales deben ser atendidos como C\u00e1mara de origen por la colegisladora, mientras que el Senado act\u00faa como C\u00e1mara revisora.<\/p>\n\n\n\n<p>Por su parte, Cruz P\u00e9rez Cuellar explic\u00f3 que, la reforma al art\u00edculo 38 de la Ley de Coordinaci\u00f3n Fiscal, busca que haya justicia tributaria para los municipios del pa\u00eds que tienen mayor poblaci\u00f3n y, en consecuencia, mayor responsabilidad de otorgar servicios p\u00fablicos.<\/p>\n\n\n\n<blockquote class=\"wp-block-quote is-layout-flow wp-block-quote-is-layout-flow\"><p>\u201cExisten poblaciones como Colima, que tiene cerca de 700 u 800 mil habitantes, y se le asigna un presupuesto de 18 mil millones de pesos, en el caso de Ciudad Ju\u00e1rez, que tiene un mill\u00f3n 700 mil habitantes, recibe un presupuesto de siete mil millones de pesos\u201d.<\/p><\/blockquote>\n\n\n\n<p>Lo anterior, agreg\u00f3, implica que no hay una equidad fiscal, pues \u201ctenemos un mill\u00f3n de personas m\u00e1s que atender y 12 o 13 millones de pesos menos, y lo mismo les pasa a Tijuana, Puebla u otros municipios grandes\u201d.<\/p>\n\n\n\n<p>Iv\u00e1n P\u00e9rez, director general de Desarrollo Econ\u00f3mico de Ciudad Ju\u00e1rez, detall\u00f3 que existen varios fondos para poder repartir las aportaciones federales, pero la propuesta va encaminada espec\u00edficamente en el fondo de aportaciones para el fortalecimiento de los municipios y demarcaciones territoriales.<\/p>\n\n\n\n<p>Por lo que la reforma busca establecer que, al momento de llevar a cabo la f\u00f3rmula o el c\u00e1lculo para la distribuci\u00f3n de recursos a los municipios, la cual se hace a trav\u00e9s de los estados, el presupuesto se equipare o se compare a los municipios que tienen alta poblaci\u00f3n en su demarcaci\u00f3n y \u201cque se le d\u00e9 el mismo tratamiento al momento de repartir\u201d.<\/p>\n\n\n\n<p>Fuente:<a href=\"https:\/\/www.eluniversal.com.mx\/nacion\/morena-recibe-en-senado-iniciativa-de-reforma-municipal-presupuestal\" data-type=\"URL\" data-id=\"https:\/\/www.eluniversal.com.mx\/nacion\/morena-recibe-en-senado-iniciativa-de-reforma-municipal-presupuestal\"> El Universal<\/a><\/p>\n","protected":false},"excerpt":{"rendered":"<p>Armenta Mier,\u00a0recibieron una\u00a0iniciativa\u00a0del\u00a0presidente municipal de Ciudad Ju\u00e1rez, Cruz P\u00e9rez Cu\u00e9llar, para que los municipios del pa\u00eds reciban la asignaci\u00f3n presupuestaria de manera proporcional a la densidad de poblaci\u00f3n con la que cuenta cada localidad, a fin de que puedan proporcionar los servicios p\u00fablicos de forma eficaz. En conferencia de prensa, el coordinador parlamentario de Morena [&hellip;]<\/p>\n","protected":false},"author":35,"featured_media":44535,"comment_status":"open","ping_status":"open","sticky":false,"template":"","format":"standard","meta":{"_monsterinsights_skip_tracking":false,"_monsterinsights_sitenote_active":false,"_monsterinsights_sitenote_note":"","_monsterinsights_sitenote_category":0,"footnotes":""},"categories":[158],"tags":[1260,15628,7909,15627,369],"class_list":["post-57979","post","type-post","status-publish","format-standard","has-post-thumbnail","hentry","category-politica","tag-iniciativa","tag-presupuestal","tag-recibe","tag-reforma-municipal","tag-senado","wp-image-borders"],"amp_enabled":true,"_links":{"self":[{"href":"https:\/\/nvnoticias.mx\/index.php\/wp-json\/wp\/v2\/posts\/57979","targetHints":{"allow":["GET"]}}],"collection":[{"href":"https:\/\/nvnoticias.mx\/index.php\/wp-json\/wp\/v2\/posts"}],"about":[{"href":"https:\/\/nvnoticias.mx\/index.php\/wp-json\/wp\/v2\/types\/post"}],"author":[{"embeddable":true,"href":"https:\/\/nvnoticias.mx\/index.php\/wp-json\/wp\/v2\/users\/35"}],"replies":[{"embeddable":true,"href":"https:\/\/nvnoticias.mx\/index.php\/wp-json\/wp\/v2\/comments?post=57979"}],"version-history":[{"count":1,"href":"https:\/\/nvnoticias.mx\/index.php\/wp-json\/wp\/v2\/posts\/57979\/revisions"}],"predecessor-version":[{"id":57980,"href":"https:\/\/nvnoticias.mx\/index.php\/wp-json\/wp\/v2\/posts\/57979\/revisions\/57980"}],"wp:featuredmedia":[{"embeddable":true,"href":"https:\/\/nvnoticias.mx\/index.php\/wp-json\/wp\/v2\/media\/44535"}],"wp:attachment":[{"href":"https:\/\/nvnoticias.mx\/index.php\/wp-json\/wp\/v2\/media?parent=57979"}],"wp:term":[{"taxonomy":"category","embeddable":true,"href":"https:\/\/nvnoticias.mx\/index.php\/wp-json\/wp\/v2\/categories?post=57979"},{"taxonomy":"post_tag","embeddable":true,"href":"https:\/\/nvnoticias.mx\/index.php\/wp-json\/wp\/v2\/tags?post=57979"}],"curies":[{"name":"wp","href":"https:\/\/api.w.org\/{rel}","templated":true}]}}