{"id":57937,"date":"2022-06-03T13:20:42","date_gmt":"2022-06-03T18:20:42","guid":{"rendered":"https:\/\/nvnoticias.mx\/?p=57937"},"modified":"2022-06-03T13:20:44","modified_gmt":"2022-06-03T18:20:44","slug":"mata-policia-de-eu-a-un-nino-de-13-anos-que-choco-un-auto-robado-contra-una-patrulla","status":"publish","type":"post","link":"https:\/\/nvnoticias.mx\/index.php\/2022\/06\/03\/mata-policia-de-eu-a-un-nino-de-13-anos-que-choco-un-auto-robado-contra-una-patrulla\/","title":{"rendered":"Mata polic\u00eda de EU a un ni\u00f1o de 13 a\u00f1os que choc\u00f3 un auto robado contra una patrulla"},"content":{"rendered":"\n<p>De acuerdo a las autoridades estadunidenses, la polic\u00eda de San Antonio, en el estado de Texas, ha matado a un ni\u00f1o de 13 a\u00f1os que presuntamente habr\u00eda embestido a un autom\u00f3vil robado contra una patrulla.\u00a0 <\/p>\n\n\n\n<p>Los agentes respondieron a una llamada de que se estaban produciendo disparos y poco despu\u00e9s vieron un autom\u00f3vil rojo cuyas caracter\u00edsticas coincid\u00edan con el que se hab\u00eda visto involucrado en el anterior tiroteo, cuenta la Polic\u00eda. <\/p>\n\n\n\n<p>Seg\u00fan la versi\u00f3n que el capit\u00e1n de la Polic\u00eda de San Antonio, Jesse Salame, ha ofrecido a la cadena NBC, el conductor del veh\u00edculo dio marcha atr\u00e1s cuando intentaba tomar otra direcci\u00f3n, pero acab\u00f3 golpeando al coche policial.<\/p>\n\n\n\n<blockquote class=\"wp-block-quote is-layout-flow wp-block-quote-is-layout-flow\"><p> &#8220;\u00c9l da marcha atr\u00e1s y trata de volver en otra direcci\u00f3n. No sabe que hay un coche de polic\u00eda detr\u00e1s de \u00e9l y cuando ve el otro coche de polic\u00eda detr\u00e1s de \u00e9l, parece que gira y choca contra ese coche a prop\u00f3sito del lado del conductor&#8221;, relata Salame, que ha informado tambi\u00e9n del arresto de otros dos menores que viajaban en el mismo coche que la v\u00edctima. <\/p><\/blockquote>\n\n\n\n<p>Un agente del primer coche patrulla es el que de un solo disparo mat\u00f3 al conductor de 13 a\u00f1os. <\/p>\n\n\n\n<blockquote class=\"wp-block-quote is-layout-flow wp-block-quote-is-layout-flow\"><p>&#8220;Pens\u00f3 que el otro agente iba a ser golpeado&#8221;, ha contado Salame, quien por el momento no ha dejado claro si la v\u00edctima portaba alg\u00fan arma. <\/p><p><\/p><\/blockquote>\n\n\n\n<p>Los intentos de los param\u00e9dicos por salvarle la vida en el lugar no dieron resultado y se ha confirmado su muerte en un hospital cercano al que fue trasladado, ha informado el sargento de la Polic\u00eda, Washington Moscoso.<\/p>\n\n\n\n<p>Fuente: M<a href=\"https:\/\/www.milenio.com\/internacional\/policia-eu-mata-nino-13-anos-chocar-auto-robado\" data-type=\"URL\" data-id=\"https:\/\/www.milenio.com\/internacional\/policia-eu-mata-nino-13-anos-chocar-auto-robado\">ilenio<\/a><\/p>\n","protected":false},"excerpt":{"rendered":"<p>De acuerdo a las autoridades estadunidenses, la polic\u00eda de San Antonio, en el estado de Texas, ha matado a un ni\u00f1o de 13 a\u00f1os que presuntamente habr\u00eda embestido a un autom\u00f3vil robado contra una patrulla.\u00a0 Los agentes respondieron a una llamada de que se estaban produciendo disparos y poco despu\u00e9s vieron un autom\u00f3vil rojo cuyas [&hellip;]<\/p>\n","protected":false},"author":35,"featured_media":57939,"comment_status":"open","ping_status":"open","sticky":false,"template":"","format":"standard","meta":{"_monsterinsights_skip_tracking":false,"_monsterinsights_sitenote_active":false,"_monsterinsights_sitenote_note":"","_monsterinsights_sitenote_category":0,"footnotes":""},"categories":[181],"tags":[15615,15614,183,14099,919,15616,1014],"class_list":["post-57937","post","type-post","status-publish","format-standard","has-post-thumbnail","hentry","category-internacional","tag-auto-robado","tag-choco","tag-estados-unidos","tag-mata","tag-nino","tag-patrulla","tag-policia","wp-image-borders"],"amp_enabled":true,"_links":{"self":[{"href":"https:\/\/nvnoticias.mx\/index.php\/wp-json\/wp\/v2\/posts\/57937","targetHints":{"allow":["GET"]}}],"collection":[{"href":"https:\/\/nvnoticias.mx\/index.php\/wp-json\/wp\/v2\/posts"}],"about":[{"href":"https:\/\/nvnoticias.mx\/index.php\/wp-json\/wp\/v2\/types\/post"}],"author":[{"embeddable":true,"href":"https:\/\/nvnoticias.mx\/index.php\/wp-json\/wp\/v2\/users\/35"}],"replies":[{"embeddable":true,"href":"https:\/\/nvnoticias.mx\/index.php\/wp-json\/wp\/v2\/comments?post=57937"}],"version-history":[{"count":1,"href":"https:\/\/nvnoticias.mx\/index.php\/wp-json\/wp\/v2\/posts\/57937\/revisions"}],"predecessor-version":[{"id":57940,"href":"https:\/\/nvnoticias.mx\/index.php\/wp-json\/wp\/v2\/posts\/57937\/revisions\/57940"}],"wp:featuredmedia":[{"embeddable":true,"href":"https:\/\/nvnoticias.mx\/index.php\/wp-json\/wp\/v2\/media\/57939"}],"wp:attachment":[{"href":"https:\/\/nvnoticias.mx\/index.php\/wp-json\/wp\/v2\/media?parent=57937"}],"wp:term":[{"taxonomy":"category","embeddable":true,"href":"https:\/\/nvnoticias.mx\/index.php\/wp-json\/wp\/v2\/categories?post=57937"},{"taxonomy":"post_tag","embeddable":true,"href":"https:\/\/nvnoticias.mx\/index.php\/wp-json\/wp\/v2\/tags?post=57937"}],"curies":[{"name":"wp","href":"https:\/\/api.w.org\/{rel}","templated":true}]}}