{"id":57892,"date":"2022-06-03T12:10:50","date_gmt":"2022-06-03T17:10:50","guid":{"rendered":"https:\/\/nvnoticias.mx\/?p=57892"},"modified":"2022-06-03T12:10:51","modified_gmt":"2022-06-03T17:10:51","slug":"hospitalizan-a-pedrito-sola","status":"publish","type":"post","link":"https:\/\/nvnoticias.mx\/index.php\/2022\/06\/03\/hospitalizan-a-pedrito-sola\/","title":{"rendered":"Hospitalizan a \u2018Pedrito\u2019 Sola"},"content":{"rendered":"\n<p><strong>Pedro Sola,<\/strong>\u00a0conductor de\u00a0<em><strong>Ventaneando<\/strong><\/em>\u00a0fue hospitalizado, as\u00ed lo inform\u00f3 Paty Chapoy a trav\u00e9s de su cuenta de Twitter este viernes por la ma\u00f1ana.<\/p>\n\n\n\n<p>En la publicaci\u00f3n de Chapoy se observa a \u2018Pedrito\u2019 Sola con un parche en el ojo y un cubrebocas mientras descansa en la cama del cuarto de hospital.<\/p>\n\n\n\n<p>La imagen est\u00e1 acompa\u00f1ada de un mensaje en el que la presentadora expresa sus deseos de pronta recuperaci\u00f3n.<\/p>\n\n\n\n<blockquote class=\"wp-block-quote is-layout-flow wp-block-quote-is-layout-flow\"><p>\u201cAyyy mi querido\u00a0@tiopedritosola\u00a0tantas preocupaciones. Recup\u00e9rate pronto\u2026\u201d, escribi\u00f3 la periodista.<\/p><\/blockquote>\n\n\n\n<p>Sin dar m\u00e1s informaci\u00f3n, Paty Chapoy se ci\u00f1\u00f3 a retuitear su publicaci\u00f3n, en la que decenas de seguidores externaron sus preocupaciones por la salud del<strong>&nbsp;\u2018T\u00edo Pedrito\u2019,<\/strong>&nbsp;como lo han llamado los fans.<\/p>\n\n\n\n<p>No obstante otros cuestionaron a la conductora por haber publicado la imagen de Sola en un momento en el que el economista se encontraba indispuesto.<\/p>\n\n\n\n<p>Si bien el conductor no se ha enviado un mensaje en sus redes sociales respecto a su estado, recientemente tuvo actividad en su cuenta con dos retuits.<\/p>\n\n\n\n<p>La tarde del 2 de junio&nbsp;<strong>\u2018Escorpi\u00f3n Dorado\u2019<\/strong>&nbsp;se present\u00f3 como invitado en&nbsp;<em>Ventaneando.<\/em>&nbsp;En la presentaci\u00f3n, Chapoy mencion\u00f3 que se trataba de uno de los personajes m\u00e1s controversiales en redes sociales, comentario que el luchador asinti\u00f3.<\/p>\n\n\n\n<p>No obstante, la incomodidad que gener\u00f3 el Escorpi\u00f3n fue casi inmediata porque apel\u00f3 en tono de burla al parecido que \u2018Pedrito\u2019 Sola ten\u00eda con uno de los personajes del live-action de&nbsp;<strong>Pinoccio.<\/strong><\/p>\n\n\n\n<p>\u201cFelicidades por tu pel\u00edcula, Geppetto, \u00bflo vieron? Saldr\u00e1 pr\u00f3ximamente\u201d, expres\u00f3.<\/p>\n\n\n\n<p>Chapoy intent\u00f3 mediar la situaci\u00f3n y mencion\u00f3 que Sola podr\u00eda molestarse, sin embargo el Escorpi\u00f3n continu\u00f3 con el escarnio hacia Pedro: \u201c\u00bfVamos a hablar de mayonesas? No hagas eso\u201d.<\/p>\n\n\n\n<p>\u201cNo le muevas a Pedro\u201d, pidi\u00f3 Chapoy, no obstante su compa\u00f1ero de programa ya mostraba un semblante inc\u00f3modo ante los comentarios del luchador.<\/p>\n\n\n\n<p>Durante el resto de la intervenci\u00f3n del invitado, \u2018Pedrito\u2019 se mantuvo serio y en ocasiones lleg\u00f3 a hacer muecas a los comentarios del Escorpi\u00f3n.<\/p>\n\n\n\n<p>Fuente: <a href=\"https:\/\/www.elfinanciero.com.mx\/espectaculos\/2022\/06\/03\/hospitalizan-a-pedrito-sola-paty-chapoy-informa-sobre-su-estado\/\" data-type=\"URL\" data-id=\"https:\/\/www.elfinanciero.com.mx\/espectaculos\/2022\/06\/03\/hospitalizan-a-pedrito-sola-paty-chapoy-informa-sobre-su-estado\/\">El Financiero<\/a><\/p>\n","protected":false},"excerpt":{"rendered":"<p>Pedro Sola,\u00a0conductor de\u00a0Ventaneando\u00a0fue hospitalizado, as\u00ed lo inform\u00f3 Paty Chapoy a trav\u00e9s de su cuenta de Twitter este viernes por la ma\u00f1ana. En la publicaci\u00f3n de Chapoy se observa a \u2018Pedrito\u2019 Sola con un parche en el ojo y un cubrebocas mientras descansa en la cama del cuarto de hospital. La imagen est\u00e1 acompa\u00f1ada de un [&hellip;]<\/p>\n","protected":false},"author":35,"featured_media":57893,"comment_status":"open","ping_status":"open","sticky":false,"template":"","format":"standard","meta":{"_monsterinsights_skip_tracking":false,"_monsterinsights_sitenote_active":false,"_monsterinsights_sitenote_note":"","_monsterinsights_sitenote_category":0,"footnotes":""},"categories":[576],"tags":[9642,15597],"class_list":["post-57892","post","type-post","status-publish","format-standard","has-post-thumbnail","hentry","category-ocio","tag-hospitalizan","tag-pedrito-sola","wp-image-borders"],"amp_enabled":true,"_links":{"self":[{"href":"https:\/\/nvnoticias.mx\/index.php\/wp-json\/wp\/v2\/posts\/57892","targetHints":{"allow":["GET"]}}],"collection":[{"href":"https:\/\/nvnoticias.mx\/index.php\/wp-json\/wp\/v2\/posts"}],"about":[{"href":"https:\/\/nvnoticias.mx\/index.php\/wp-json\/wp\/v2\/types\/post"}],"author":[{"embeddable":true,"href":"https:\/\/nvnoticias.mx\/index.php\/wp-json\/wp\/v2\/users\/35"}],"replies":[{"embeddable":true,"href":"https:\/\/nvnoticias.mx\/index.php\/wp-json\/wp\/v2\/comments?post=57892"}],"version-history":[{"count":1,"href":"https:\/\/nvnoticias.mx\/index.php\/wp-json\/wp\/v2\/posts\/57892\/revisions"}],"predecessor-version":[{"id":57894,"href":"https:\/\/nvnoticias.mx\/index.php\/wp-json\/wp\/v2\/posts\/57892\/revisions\/57894"}],"wp:featuredmedia":[{"embeddable":true,"href":"https:\/\/nvnoticias.mx\/index.php\/wp-json\/wp\/v2\/media\/57893"}],"wp:attachment":[{"href":"https:\/\/nvnoticias.mx\/index.php\/wp-json\/wp\/v2\/media?parent=57892"}],"wp:term":[{"taxonomy":"category","embeddable":true,"href":"https:\/\/nvnoticias.mx\/index.php\/wp-json\/wp\/v2\/categories?post=57892"},{"taxonomy":"post_tag","embeddable":true,"href":"https:\/\/nvnoticias.mx\/index.php\/wp-json\/wp\/v2\/tags?post=57892"}],"curies":[{"name":"wp","href":"https:\/\/api.w.org\/{rel}","templated":true}]}}