{"id":57884,"date":"2022-06-03T11:54:34","date_gmt":"2022-06-03T16:54:34","guid":{"rendered":"https:\/\/nvnoticias.mx\/?p=57884"},"modified":"2022-06-03T11:54:35","modified_gmt":"2022-06-03T16:54:35","slug":"investigadores-del-inah-se-manifiestan-para-exigir-mejores-condiciones-de-trabajo","status":"publish","type":"post","link":"https:\/\/nvnoticias.mx\/index.php\/2022\/06\/03\/investigadores-del-inah-se-manifiestan-para-exigir-mejores-condiciones-de-trabajo\/","title":{"rendered":"Investigadores del INAH se manifiestan para exigir mejores condiciones de trabajo"},"content":{"rendered":"\n<p><strong>Jes\u00fas Utrilla \/ NV Noticias<\/strong><\/p>\n\n\n\n<p>Trabajadores del Instituto Nacional de Antropolog\u00eda e Historia se manifestaron frente al Baluarte De Santiago.<\/p>\n\n\n\n<p>Exigieron respeto a sus condiciones generales de trabajo, regularizaci\u00f3n de sus prestaciones y mayor presupuesto para el INAH.<\/p>\n\n\n\n<p>Judith Hern\u00e1ndez Aranda, investigadora del Centro INAH Veracruz, explic\u00f3 que el presupuesto del organismo redujo 75 por ciento y no alcanza para labores de investigaci\u00f3n.<\/p>\n\n\n\n<p>Adem\u00e1s a nivel nacional despidieron a cerca de mil personas.<\/p>\n\n\n\n<p>Por su parte la antrop\u00f3loga Ruth Elizabeth Arboleyda Castro, dijo que no hay recursos suficientes y lo que se tiene debe ser distribuido de mejor manera.<\/p>\n\n\n\n<p>Pidi\u00f3 pasar a sus compa\u00f1eros contratados de Cap\u00edtulo 3000 a Cap\u00edtulo 1000, que es pago como eventuales con seguridad social y no con condiciones de simulaci\u00f3n e ilegalidad.<\/p>\n\n\n\n<p>Pidieron recursos para mayores plazas, para investigaci\u00f3n y para el trabajo cotidiano.<\/p>\n\n\n\n<blockquote class=\"wp-block-quote is-layout-flow wp-block-quote-is-layout-flow\"><p>\u201c<em>La investigaci\u00f3n se est\u00e1 dejando de lado cuando es un proceso muy necesario para la investigaci\u00f3n y ahorita eso se est\u00e1 perdiendo porque est\u00e1n haciendo contrataciones fuera de lugar, ilegales, simuladas, han bajado salarios, recortan meses de trabajo<\/em>\u201d.\u00a0<\/p><\/blockquote>\n\n\n\n<p>Son cinco sindicatos afectado a nivel nacional que se reunir\u00e1n para determinar c\u00f3mo proceder para ser escuchados.<\/p>\n","protected":false},"excerpt":{"rendered":"<p>Jes\u00fas Utrilla \/ NV Noticias Trabajadores del Instituto Nacional de Antropolog\u00eda e Historia se manifestaron frente al Baluarte De Santiago. Exigieron respeto a sus condiciones generales de trabajo, regularizaci\u00f3n de sus prestaciones y mayor presupuesto para el INAH. Judith Hern\u00e1ndez Aranda, investigadora del Centro INAH Veracruz, explic\u00f3 que el presupuesto del organismo redujo 75 por [&hellip;]<\/p>\n","protected":false},"author":8,"featured_media":57885,"comment_status":"open","ping_status":"open","sticky":false,"template":"","format":"standard","meta":{"_monsterinsights_skip_tracking":false,"_monsterinsights_sitenote_active":false,"_monsterinsights_sitenote_note":"","_monsterinsights_sitenote_category":0,"footnotes":""},"categories":[154],"tags":[11842,1238,5692,503],"class_list":["post-57884","post","type-post","status-publish","format-standard","has-post-thumbnail","hentry","category-veracruz","tag-condiciones-laborales","tag-inah","tag-investigadores","tag-manifestacion","wp-image-borders"],"amp_enabled":true,"_links":{"self":[{"href":"https:\/\/nvnoticias.mx\/index.php\/wp-json\/wp\/v2\/posts\/57884","targetHints":{"allow":["GET"]}}],"collection":[{"href":"https:\/\/nvnoticias.mx\/index.php\/wp-json\/wp\/v2\/posts"}],"about":[{"href":"https:\/\/nvnoticias.mx\/index.php\/wp-json\/wp\/v2\/types\/post"}],"author":[{"embeddable":true,"href":"https:\/\/nvnoticias.mx\/index.php\/wp-json\/wp\/v2\/users\/8"}],"replies":[{"embeddable":true,"href":"https:\/\/nvnoticias.mx\/index.php\/wp-json\/wp\/v2\/comments?post=57884"}],"version-history":[{"count":1,"href":"https:\/\/nvnoticias.mx\/index.php\/wp-json\/wp\/v2\/posts\/57884\/revisions"}],"predecessor-version":[{"id":57886,"href":"https:\/\/nvnoticias.mx\/index.php\/wp-json\/wp\/v2\/posts\/57884\/revisions\/57886"}],"wp:featuredmedia":[{"embeddable":true,"href":"https:\/\/nvnoticias.mx\/index.php\/wp-json\/wp\/v2\/media\/57885"}],"wp:attachment":[{"href":"https:\/\/nvnoticias.mx\/index.php\/wp-json\/wp\/v2\/media?parent=57884"}],"wp:term":[{"taxonomy":"category","embeddable":true,"href":"https:\/\/nvnoticias.mx\/index.php\/wp-json\/wp\/v2\/categories?post=57884"},{"taxonomy":"post_tag","embeddable":true,"href":"https:\/\/nvnoticias.mx\/index.php\/wp-json\/wp\/v2\/tags?post=57884"}],"curies":[{"name":"wp","href":"https:\/\/api.w.org\/{rel}","templated":true}]}}