{"id":57873,"date":"2022-06-03T11:16:13","date_gmt":"2022-06-03T16:16:13","guid":{"rendered":"https:\/\/nvnoticias.mx\/?p=57873"},"modified":"2022-06-03T11:16:14","modified_gmt":"2022-06-03T16:16:14","slug":"inicia-audiencia-contra-cesar-duarte","status":"publish","type":"post","link":"https:\/\/nvnoticias.mx\/index.php\/2022\/06\/03\/inicia-audiencia-contra-cesar-duarte\/","title":{"rendered":"Inicia audiencia contra C\u00e9sar Duarte"},"content":{"rendered":"\n<p>El exgobernador\u00a0<strong>C\u00e9sar Duarte<\/strong>, fue presentado esta ma\u00f1ana ante el juez en Chihuahua, por los delitos de asociaci\u00f3n delictuosa y peculado por un monto de 96 millones 600 mil pesos. \u00a0<\/p>\n\n\n\n<p>La audiencia, la cual comenz\u00f3 40 minutos tarde, es dirigida por el juez de control, Humberto Ch\u00e1vez Allende.<\/p>\n\n\n\n<p>Al inicio de esta el exgobernador pidi\u00f3 al juez, que debido a que la audiencia es p\u00fablica, su rostro no fuera publicado, esto como derecho a su privacidad.\u00a0<\/p>\n\n\n\n<p>La audiencia contin\u00faa en estos momentos su curso.&nbsp;<\/p>\n\n\n\n<p>La defensa de Duarte est\u00e1 conformada por Edith Berenice Bustillos Palacios, Ricardo Antonio S\u00e1nchez Reyes Retana y Carlos R\u00edos Peralta.\u00a0<\/p>\n\n\n\n<p>Fuente: <a href=\"https:\/\/www.eluniversal.com.mx\/estados\/cesar-duarte-da-inicio-audiencia-contra-duarte-pide-no-se-difunda-su-rostro\" data-type=\"URL\" data-id=\"https:\/\/www.eluniversal.com.mx\/estados\/cesar-duarte-da-inicio-audiencia-contra-duarte-pide-no-se-difunda-su-rostro\">El Universal<\/a><\/p>\n","protected":false},"excerpt":{"rendered":"<p>El exgobernador\u00a0C\u00e9sar Duarte, fue presentado esta ma\u00f1ana ante el juez en Chihuahua, por los delitos de asociaci\u00f3n delictuosa y peculado por un monto de 96 millones 600 mil pesos. \u00a0 La audiencia, la cual comenz\u00f3 40 minutos tarde, es dirigida por el juez de control, Humberto Ch\u00e1vez Allende. Al inicio de esta el exgobernador pidi\u00f3 [&hellip;]<\/p>\n","protected":false},"author":35,"featured_media":57874,"comment_status":"open","ping_status":"open","sticky":false,"template":"","format":"standard","meta":{"_monsterinsights_skip_tracking":false,"_monsterinsights_sitenote_active":false,"_monsterinsights_sitenote_note":"","_monsterinsights_sitenote_category":0,"footnotes":""},"categories":[158],"tags":[3090,407,9065],"class_list":["post-57873","post","type-post","status-publish","format-standard","has-post-thumbnail","hentry","category-politica","tag-audiencia","tag-cesar-duarte","tag-inicia","wp-image-borders"],"amp_enabled":true,"_links":{"self":[{"href":"https:\/\/nvnoticias.mx\/index.php\/wp-json\/wp\/v2\/posts\/57873","targetHints":{"allow":["GET"]}}],"collection":[{"href":"https:\/\/nvnoticias.mx\/index.php\/wp-json\/wp\/v2\/posts"}],"about":[{"href":"https:\/\/nvnoticias.mx\/index.php\/wp-json\/wp\/v2\/types\/post"}],"author":[{"embeddable":true,"href":"https:\/\/nvnoticias.mx\/index.php\/wp-json\/wp\/v2\/users\/35"}],"replies":[{"embeddable":true,"href":"https:\/\/nvnoticias.mx\/index.php\/wp-json\/wp\/v2\/comments?post=57873"}],"version-history":[{"count":1,"href":"https:\/\/nvnoticias.mx\/index.php\/wp-json\/wp\/v2\/posts\/57873\/revisions"}],"predecessor-version":[{"id":57875,"href":"https:\/\/nvnoticias.mx\/index.php\/wp-json\/wp\/v2\/posts\/57873\/revisions\/57875"}],"wp:featuredmedia":[{"embeddable":true,"href":"https:\/\/nvnoticias.mx\/index.php\/wp-json\/wp\/v2\/media\/57874"}],"wp:attachment":[{"href":"https:\/\/nvnoticias.mx\/index.php\/wp-json\/wp\/v2\/media?parent=57873"}],"wp:term":[{"taxonomy":"category","embeddable":true,"href":"https:\/\/nvnoticias.mx\/index.php\/wp-json\/wp\/v2\/categories?post=57873"},{"taxonomy":"post_tag","embeddable":true,"href":"https:\/\/nvnoticias.mx\/index.php\/wp-json\/wp\/v2\/tags?post=57873"}],"curies":[{"name":"wp","href":"https:\/\/api.w.org\/{rel}","templated":true}]}}