{"id":57866,"date":"2022-06-03T10:59:38","date_gmt":"2022-06-03T15:59:38","guid":{"rendered":"https:\/\/nvnoticias.mx\/?p=57866"},"modified":"2022-06-03T10:59:40","modified_gmt":"2022-06-03T15:59:40","slug":"destituyen-a-comisario-de-ameca-tras-senalamientos-de-eu","status":"publish","type":"post","link":"https:\/\/nvnoticias.mx\/index.php\/2022\/06\/03\/destituyen-a-comisario-de-ameca-tras-senalamientos-de-eu\/","title":{"rendered":"Destituyen a comisario de Ameca tras se\u00f1alamientos de EU"},"content":{"rendered":"\n<p>Tras conocer que su comisario de seguridad est\u00e1 se\u00f1alado por el gobierno de Estados Unidos como<strong>\u00a0informante del C\u00e1rtel de Jalisco Nueva Generaci\u00f3n<\/strong>, el presidente municipal de Ameca, Jalisco, Juan Valent\u00edn Serrano Jim\u00e9nez, inform\u00f3 que pedir\u00e1 la separaci\u00f3n del cargo del titular de la polic\u00eda municipal,\u00a0<strong>Severo Flores Mendoza<\/strong>, hasta que se aclare la situaci\u00f3n.<\/p>\n\n\n\n<p>El emecista Serrano Jim\u00e9nez se rehus\u00f3 a dar un posicionamiento respecto a este caso durante casi todo el d\u00eda de ayer, hasta que por la noche public\u00f3 un breve video en sus&nbsp;<strong>redes sociales<\/strong>&nbsp;donde se dijo sorprendido por los se\u00f1alamientos contra el mando policiaco.<\/p>\n\n\n\n<blockquote class=\"wp-block-quote is-layout-flow wp-block-quote-is-layout-flow\"><p>\u201cCon el firme objetivo de que estos se\u00f1alamientos se esclarezcan y la seguridad del municipio de Ameca no se vea comprometida por cuestionamientos, he tomado la determinaci\u00f3n de separar de su cargo al Comisario municipal para facilitar que las posibles investigaciones que puedan presentarse se desahoguen objetivamente y con total libertad\u201d, djo.<\/p><\/blockquote>\n\n\n\n<p>Refiri\u00f3 que le sorprendieron las acusaciones contra Flores Mendoza porque hasta el momento, los n\u00fameros y estad\u00edsticas en materia de seguridad \u201ceran aceptables comparadas con otras regiones\u201d.<\/p>\n\n\n\n<p>\u201cSin embargo, la gobernabilidad del municipio es una prioridad y esta por encima de cualquier servidor p\u00fablico, por lo que demanda de una respuesta inmediata por parte de un servidor\u201d, se\u00f1al\u00f3 el edil.<\/p>\n\n\n\n<p>Fuente: <a href=\"https:\/\/www.eluniversal.com.mx\/estados\/cjng-destituyen-comisario-de-ameca-tras-senalamientos-de-eu\" data-type=\"URL\" data-id=\"https:\/\/www.eluniversal.com.mx\/estados\/cjng-destituyen-comisario-de-ameca-tras-senalamientos-de-eu\">El Universal<\/a><\/p>\n","protected":false},"excerpt":{"rendered":"<p>Tras conocer que su comisario de seguridad est\u00e1 se\u00f1alado por el gobierno de Estados Unidos como\u00a0informante del C\u00e1rtel de Jalisco Nueva Generaci\u00f3n, el presidente municipal de Ameca, Jalisco, Juan Valent\u00edn Serrano Jim\u00e9nez, inform\u00f3 que pedir\u00e1 la separaci\u00f3n del cargo del titular de la polic\u00eda municipal,\u00a0Severo Flores Mendoza, hasta que se aclare la situaci\u00f3n. El emecista [&hellip;]<\/p>\n","protected":false},"author":35,"featured_media":57867,"comment_status":"open","ping_status":"open","sticky":false,"template":"","format":"standard","meta":{"_monsterinsights_skip_tracking":false,"_monsterinsights_sitenote_active":false,"_monsterinsights_sitenote_note":"","_monsterinsights_sitenote_category":0,"footnotes":""},"categories":[158],"tags":[15590,15589,10407,183,15591],"class_list":["post-57866","post","type-post","status-publish","format-standard","has-post-thumbnail","hentry","category-politica","tag-ameca","tag-comisario","tag-destituyen","tag-estados-unidos","tag-senalamientos","wp-image-borders"],"amp_enabled":true,"_links":{"self":[{"href":"https:\/\/nvnoticias.mx\/index.php\/wp-json\/wp\/v2\/posts\/57866","targetHints":{"allow":["GET"]}}],"collection":[{"href":"https:\/\/nvnoticias.mx\/index.php\/wp-json\/wp\/v2\/posts"}],"about":[{"href":"https:\/\/nvnoticias.mx\/index.php\/wp-json\/wp\/v2\/types\/post"}],"author":[{"embeddable":true,"href":"https:\/\/nvnoticias.mx\/index.php\/wp-json\/wp\/v2\/users\/35"}],"replies":[{"embeddable":true,"href":"https:\/\/nvnoticias.mx\/index.php\/wp-json\/wp\/v2\/comments?post=57866"}],"version-history":[{"count":1,"href":"https:\/\/nvnoticias.mx\/index.php\/wp-json\/wp\/v2\/posts\/57866\/revisions"}],"predecessor-version":[{"id":57868,"href":"https:\/\/nvnoticias.mx\/index.php\/wp-json\/wp\/v2\/posts\/57866\/revisions\/57868"}],"wp:featuredmedia":[{"embeddable":true,"href":"https:\/\/nvnoticias.mx\/index.php\/wp-json\/wp\/v2\/media\/57867"}],"wp:attachment":[{"href":"https:\/\/nvnoticias.mx\/index.php\/wp-json\/wp\/v2\/media?parent=57866"}],"wp:term":[{"taxonomy":"category","embeddable":true,"href":"https:\/\/nvnoticias.mx\/index.php\/wp-json\/wp\/v2\/categories?post=57866"},{"taxonomy":"post_tag","embeddable":true,"href":"https:\/\/nvnoticias.mx\/index.php\/wp-json\/wp\/v2\/tags?post=57866"}],"curies":[{"name":"wp","href":"https:\/\/api.w.org\/{rel}","templated":true}]}}