{"id":57850,"date":"2022-06-03T09:57:13","date_gmt":"2022-06-03T14:57:13","guid":{"rendered":"https:\/\/nvnoticias.mx\/?p=57850"},"modified":"2022-06-03T09:57:14","modified_gmt":"2022-06-03T14:57:14","slug":"acusan-a-hector-lagunes-de-permitir-apertura-de-basurero-a-cielo-abierto","status":"publish","type":"post","link":"https:\/\/nvnoticias.mx\/index.php\/2022\/06\/03\/acusan-a-hector-lagunes-de-permitir-apertura-de-basurero-a-cielo-abierto\/","title":{"rendered":"Acusan a H\u00e9ctor Lagunes de permitir apertura de basurero a cielo abierto"},"content":{"rendered":"\n<p>Xalapa, Ver.- Grupos ecologistas asentados en la zona norte de la entidad veracruzana, principalmente del \u00e1rea tur\u00edstica conocida como &#8220;Costa Esmeralda&#8221;, est\u00e1n se\u00f1alando al presidente municipal de San Rafael, H\u00e9ctor Lagunes, de ser una autoridad local que est\u00e1 permitiendo el ecocidio en su municipio y que su administraci\u00f3n que tiene m\u00e1s de 5 meses en el poder, lo est\u00e1 permitiendo sin importarle nada la rica flora y las diversas especies de fauna que imperan en el lugar.<\/p>\n\n\n\n<p>El grupo &#8220;Protecci\u00f3n al Ambiente y Vida&#8221;, asentados en aquel lugar, se\u00f1alan que el alcalde, no hace nada por retirar el basurero al aire libre que tiene en la zona y que lo hace un terreno, al parecer, particular que es a cielo abierto, sin seguir por supuesto, ning\u00fan tipo de protecci\u00f3n ambiental. Hecho que se viene registrando desde esta semana, desde el pasado mi\u00e9rcoles 1 de junio cuando permiti\u00f3 la apertura de este sitio.<\/p>\n\n\n\n<figure class=\"wp-block-image size-large\"><img loading=\"lazy\" decoding=\"async\" width=\"1024\" height=\"768\" src=\"https:\/\/nvnoticias.mx\/wp-content\/uploads\/2022\/06\/WhatsApp-Image-2022-06-03-at-9.52.08-AM-1.jpeg\" alt=\"\" class=\"wp-image-57852\" srcset=\"https:\/\/nvnoticias.mx\/wp-content\/uploads\/2022\/06\/WhatsApp-Image-2022-06-03-at-9.52.08-AM-1.jpeg 1024w, https:\/\/nvnoticias.mx\/wp-content\/uploads\/2022\/06\/WhatsApp-Image-2022-06-03-at-9.52.08-AM-1-300x225.jpeg 300w, https:\/\/nvnoticias.mx\/wp-content\/uploads\/2022\/06\/WhatsApp-Image-2022-06-03-at-9.52.08-AM-1-768x576.jpeg 768w\" sizes=\"auto, (max-width: 1024px) 100vw, 1024px\" \/><\/figure>\n\n\n\n<p>Jacinto Ortiz Mart\u00ednez, uno de los quejosos, miembro de esta organizaci\u00f3n y habitante del lugar, acusa de que con esta contaminaci\u00f3n del nuevo basurero a cielo abierto en el municipio de San Rafael, lo que est\u00e1 provocando es un da\u00f1o irreversible al medio ambiente en los mantos acu\u00edferos , arroyos y las parcelas de c\u00edtricos como el Lim\u00f3n. Lo cual el alcalde H\u00e9ctor Lagunes ha hecho caso omiso a las protestas de los grupos ambientalistas por este da\u00f1o al medio ambiente.<\/p>\n\n\n\n<p>El entrevistado hizo hincapi\u00e9 que con esta decisi\u00f3n de Lagunes, lo que est\u00e1 provocando es un da\u00f1o ambiental, casi posible de subsanar por lo menos en unos 20 a\u00f1os, si es que no se deja de contaminar de inmediato con este basurero a cielo abierto. Por ello, lanz\u00f3 una protesta al propio gobernador, Cuitl\u00e1huac Garc\u00eda para que a trav\u00e9s de las instancias pertinentes, su gobierno estatal tome cartas en el asunto.<\/p>\n\n\n\n<figure class=\"wp-block-image size-large\"><img loading=\"lazy\" decoding=\"async\" width=\"1024\" height=\"768\" src=\"https:\/\/nvnoticias.mx\/wp-content\/uploads\/2022\/06\/WhatsApp-Image-2022-06-03-at-9.52.10-AM.jpeg\" alt=\"\" class=\"wp-image-57851\" srcset=\"https:\/\/nvnoticias.mx\/wp-content\/uploads\/2022\/06\/WhatsApp-Image-2022-06-03-at-9.52.10-AM.jpeg 1024w, https:\/\/nvnoticias.mx\/wp-content\/uploads\/2022\/06\/WhatsApp-Image-2022-06-03-at-9.52.10-AM-300x225.jpeg 300w, https:\/\/nvnoticias.mx\/wp-content\/uploads\/2022\/06\/WhatsApp-Image-2022-06-03-at-9.52.10-AM-768x576.jpeg 768w\" sizes=\"auto, (max-width: 1024px) 100vw, 1024px\" \/><\/figure>\n\n\n\n<p>Ort\u00edz Mart\u00ednez recalc\u00f3 que este basurero municipal que se tiene desde la administraci\u00f3n local pasada, fue all\u00e1 por el a\u00f1o del 2018 que este sitio fue clausurado por las autoridades ambientales, por el da\u00f1o ecol\u00f3gico que hac\u00edan, ahora este alcalde permiti\u00f3 que en este sitio le fuera violado en sus sellos de clausura, y con eso se violentaba la ley, pero sobre todo lo hace desafiando a las autoridades estatales y federales, pero sobre todo provocando una terrible contaminaci\u00f3n al lugar, por eso exigen la intervenci\u00f3n de Cuitl\u00e1huac Garc\u00eda.<\/p>\n\n\n\n<figure class=\"wp-block-image size-large\"><img loading=\"lazy\" decoding=\"async\" width=\"1024\" height=\"768\" src=\"https:\/\/nvnoticias.mx\/wp-content\/uploads\/2022\/06\/WhatsApp-Image-2022-06-03-at-9.52.09-AM.jpeg\" alt=\"\" class=\"wp-image-57854\" srcset=\"https:\/\/nvnoticias.mx\/wp-content\/uploads\/2022\/06\/WhatsApp-Image-2022-06-03-at-9.52.09-AM.jpeg 1024w, https:\/\/nvnoticias.mx\/wp-content\/uploads\/2022\/06\/WhatsApp-Image-2022-06-03-at-9.52.09-AM-300x225.jpeg 300w, https:\/\/nvnoticias.mx\/wp-content\/uploads\/2022\/06\/WhatsApp-Image-2022-06-03-at-9.52.09-AM-768x576.jpeg 768w\" sizes=\"auto, (max-width: 1024px) 100vw, 1024px\" \/><\/figure>\n","protected":false},"excerpt":{"rendered":"<p>Xalapa, Ver.- Grupos ecologistas asentados en la zona norte de la entidad veracruzana, principalmente del \u00e1rea tur\u00edstica conocida como &#8220;Costa Esmeralda&#8221;, est\u00e1n se\u00f1alando al presidente municipal de San Rafael, H\u00e9ctor Lagunes, de ser una autoridad local que est\u00e1 permitiendo el ecocidio en su municipio y que su administraci\u00f3n que tiene m\u00e1s de 5 meses en [&hellip;]<\/p>\n","protected":false},"author":35,"featured_media":57853,"comment_status":"open","ping_status":"open","sticky":false,"template":"","format":"standard","meta":{"_monsterinsights_skip_tracking":false,"_monsterinsights_sitenote_active":false,"_monsterinsights_sitenote_note":"","_monsterinsights_sitenote_category":0,"footnotes":""},"categories":[156],"tags":[9000,3557,2448,7602,15583,10571],"class_list":["post-57850","post","type-post","status-publish","format-standard","has-post-thumbnail","hentry","category-estado","tag-acusan","tag-apertura","tag-basurero","tag-cielo-abierto","tag-hector-lagunes","tag-permitir","wp-image-borders"],"amp_enabled":true,"_links":{"self":[{"href":"https:\/\/nvnoticias.mx\/index.php\/wp-json\/wp\/v2\/posts\/57850","targetHints":{"allow":["GET"]}}],"collection":[{"href":"https:\/\/nvnoticias.mx\/index.php\/wp-json\/wp\/v2\/posts"}],"about":[{"href":"https:\/\/nvnoticias.mx\/index.php\/wp-json\/wp\/v2\/types\/post"}],"author":[{"embeddable":true,"href":"https:\/\/nvnoticias.mx\/index.php\/wp-json\/wp\/v2\/users\/35"}],"replies":[{"embeddable":true,"href":"https:\/\/nvnoticias.mx\/index.php\/wp-json\/wp\/v2\/comments?post=57850"}],"version-history":[{"count":1,"href":"https:\/\/nvnoticias.mx\/index.php\/wp-json\/wp\/v2\/posts\/57850\/revisions"}],"predecessor-version":[{"id":57855,"href":"https:\/\/nvnoticias.mx\/index.php\/wp-json\/wp\/v2\/posts\/57850\/revisions\/57855"}],"wp:featuredmedia":[{"embeddable":true,"href":"https:\/\/nvnoticias.mx\/index.php\/wp-json\/wp\/v2\/media\/57853"}],"wp:attachment":[{"href":"https:\/\/nvnoticias.mx\/index.php\/wp-json\/wp\/v2\/media?parent=57850"}],"wp:term":[{"taxonomy":"category","embeddable":true,"href":"https:\/\/nvnoticias.mx\/index.php\/wp-json\/wp\/v2\/categories?post=57850"},{"taxonomy":"post_tag","embeddable":true,"href":"https:\/\/nvnoticias.mx\/index.php\/wp-json\/wp\/v2\/tags?post=57850"}],"curies":[{"name":"wp","href":"https:\/\/api.w.org\/{rel}","templated":true}]}}