{"id":57770,"date":"2022-06-02T15:45:06","date_gmt":"2022-06-02T20:45:06","guid":{"rendered":"https:\/\/nvnoticias.mx\/?p=57770"},"modified":"2022-06-02T15:45:07","modified_gmt":"2022-06-02T20:45:07","slug":"llega-cesar-duarte-a-mexico-tras-extradicion","status":"publish","type":"post","link":"https:\/\/nvnoticias.mx\/index.php\/2022\/06\/02\/llega-cesar-duarte-a-mexico-tras-extradicion\/","title":{"rendered":"Llega C\u00e9sar Duarte a M\u00e9xico tras extradici\u00f3n"},"content":{"rendered":"\n<p>El ex gobernador de Chihuahua,<strong>&nbsp;C\u00e9sar Duarte J\u00e1quez, quien fue extraditado por Estados Unidos, lleg\u00f3 al Aeropuerto Internacional de la Ciudad de M\u00e9xico<\/strong>&nbsp;(AICM) a bordo de un avi\u00f3n de la Fiscal\u00eda General de la Rep\u00fablica (FGR).<\/p>\n\n\n\n<p>Funcionarios del gobierno federal indicaron que el ex mandatario estatal permanecer\u00e1 por el momento en el Hangar de la FGR en dicha terminal \u00e1rea, dond<strong>e se certificar\u00e1 su estado de salud y que se encuentra en buenas condiciones<\/strong>.<\/p>\n\n\n\n<p>Una vez que se realicen dichos ex\u00e1menes,<strong>\u00a0ser\u00e1 puesto a disposici\u00f3n de las autoridades de Chihuahua, para que sea presentado ante el juez que orden\u00f3 su aprehensi\u00f3n<\/strong>\u00a0por su probable responsabilidad en los delitos de asociaci\u00f3n delictuosa y peculado por m\u00e1s de 96 millones de pesos, ambos con penalidad agravada.<\/p>\n\n\n\n<p>Fuente: <a href=\"https:\/\/www.milenio.com\/politica\/exgobernador-chihuahua-cesar-duarte-llega-mexico-extradicion\" data-type=\"URL\" data-id=\"https:\/\/www.milenio.com\/politica\/exgobernador-chihuahua-cesar-duarte-llega-mexico-extradicion\">Milenio<\/a> <\/p>\n","protected":false},"excerpt":{"rendered":"<p>El ex gobernador de Chihuahua,&nbsp;C\u00e9sar Duarte J\u00e1quez, quien fue extraditado por Estados Unidos, lleg\u00f3 al Aeropuerto Internacional de la Ciudad de M\u00e9xico&nbsp;(AICM) a bordo de un avi\u00f3n de la Fiscal\u00eda General de la Rep\u00fablica (FGR). Funcionarios del gobierno federal indicaron que el ex mandatario estatal permanecer\u00e1 por el momento en el Hangar de la FGR [&hellip;]<\/p>\n","protected":false},"author":35,"featured_media":52808,"comment_status":"open","ping_status":"open","sticky":false,"template":"","format":"standard","meta":{"_monsterinsights_skip_tracking":false,"_monsterinsights_sitenote_active":false,"_monsterinsights_sitenote_note":"","_monsterinsights_sitenote_category":0,"footnotes":""},"categories":[157],"tags":[407,183,1005,9076,292],"class_list":["post-57770","post","type-post","status-publish","format-standard","has-post-thumbnail","hentry","category-nacional","tag-cesar-duarte","tag-estados-unidos","tag-extradicion","tag-llega","tag-mexico","wp-image-borders"],"amp_enabled":true,"_links":{"self":[{"href":"https:\/\/nvnoticias.mx\/index.php\/wp-json\/wp\/v2\/posts\/57770","targetHints":{"allow":["GET"]}}],"collection":[{"href":"https:\/\/nvnoticias.mx\/index.php\/wp-json\/wp\/v2\/posts"}],"about":[{"href":"https:\/\/nvnoticias.mx\/index.php\/wp-json\/wp\/v2\/types\/post"}],"author":[{"embeddable":true,"href":"https:\/\/nvnoticias.mx\/index.php\/wp-json\/wp\/v2\/users\/35"}],"replies":[{"embeddable":true,"href":"https:\/\/nvnoticias.mx\/index.php\/wp-json\/wp\/v2\/comments?post=57770"}],"version-history":[{"count":3,"href":"https:\/\/nvnoticias.mx\/index.php\/wp-json\/wp\/v2\/posts\/57770\/revisions"}],"predecessor-version":[{"id":57775,"href":"https:\/\/nvnoticias.mx\/index.php\/wp-json\/wp\/v2\/posts\/57770\/revisions\/57775"}],"wp:featuredmedia":[{"embeddable":true,"href":"https:\/\/nvnoticias.mx\/index.php\/wp-json\/wp\/v2\/media\/52808"}],"wp:attachment":[{"href":"https:\/\/nvnoticias.mx\/index.php\/wp-json\/wp\/v2\/media?parent=57770"}],"wp:term":[{"taxonomy":"category","embeddable":true,"href":"https:\/\/nvnoticias.mx\/index.php\/wp-json\/wp\/v2\/categories?post=57770"},{"taxonomy":"post_tag","embeddable":true,"href":"https:\/\/nvnoticias.mx\/index.php\/wp-json\/wp\/v2\/tags?post=57770"}],"curies":[{"name":"wp","href":"https:\/\/api.w.org\/{rel}","templated":true}]}}