{"id":57747,"date":"2022-06-02T14:16:56","date_gmt":"2022-06-02T19:16:56","guid":{"rendered":"https:\/\/nvnoticias.mx\/?p=57747"},"modified":"2022-06-02T14:16:57","modified_gmt":"2022-06-02T19:16:57","slug":"cambian-medida-cautelar-a-el-bronco-por-caso-ecovia","status":"publish","type":"post","link":"https:\/\/nvnoticias.mx\/index.php\/2022\/06\/02\/cambian-medida-cautelar-a-el-bronco-por-caso-ecovia\/","title":{"rendered":"Cambian medida cautelar a \u2018El Bronco\u2019 por caso Ecov\u00eda"},"content":{"rendered":"\n<p>Tras una audiencia que se retras\u00f3 por poco m\u00e1s de media hora, el juez de control Juan Roberto Ortiz Pintor modific\u00f3 la medida cautelar de prisi\u00f3n preventiva a\u00a0Jaime Rodr\u00edguez Calder\u00f3n\u00a0al pasarla a<strong>\u00a0arraigo domiciliario<\/strong>\u00a0por el presunto abuso de autoridad que ejerci\u00f3 en la requisa a la Ecov\u00eda en 2016.<\/p>\n\n\n\n<p>Sin embargo,\u00a0<em>El Bronco<\/em>\u00a0seguir\u00e1 en prisi\u00f3n preventiva debido a que en otra carpeta se le dict\u00f3 tambi\u00e9n prisi\u00f3n preventiva por incurrir en presunta procedencia il\u00edcita de recursos en su campa\u00f1a presidencial del 2018.<\/p>\n\n\n\n<p>Fuentes allegadas a la audiencia de hoy por la ma\u00f1ana, confirmaron que&nbsp;<strong>el juez de control modific\u00f3 dicha medida cautelar al argumentar el estado de salud que presenta el ex gobernador<\/strong>&nbsp;y que hoy lo tiene internado en el Hospital Universitario.<\/p>\n\n\n\n<p>Por separado,<strong>\u00a0Gabriel Garc\u00eda P\u00e9rez<\/strong>, jugador defensor del ex gobernador, confirm\u00f3 la modificaci\u00f3n de la medida cautelar al alegar que es el estado de salud que presenta El Bronco lo que propici\u00f3 el cambio.<\/p>\n\n\n\n<p>Fuente: <a href=\"https:\/\/www.milenio.com\/politica\/el-bronco-cumplira-prision-preventiva-en-arraigo-domiciliario\" data-type=\"URL\" data-id=\"https:\/\/www.milenio.com\/politica\/el-bronco-cumplira-prision-preventiva-en-arraigo-domiciliario\">Milenio<\/a><\/p>\n","protected":false},"excerpt":{"rendered":"<p>Tras una audiencia que se retras\u00f3 por poco m\u00e1s de media hora, el juez de control Juan Roberto Ortiz Pintor modific\u00f3 la medida cautelar de prisi\u00f3n preventiva a\u00a0Jaime Rodr\u00edguez Calder\u00f3n\u00a0al pasarla a\u00a0arraigo domiciliario\u00a0por el presunto abuso de autoridad que ejerci\u00f3 en la requisa a la Ecov\u00eda en 2016. Sin embargo,\u00a0El Bronco\u00a0seguir\u00e1 en prisi\u00f3n preventiva debido [&hellip;]<\/p>\n","protected":false},"author":35,"featured_media":45377,"comment_status":"open","ping_status":"open","sticky":false,"template":"","format":"standard","meta":{"_monsterinsights_skip_tracking":false,"_monsterinsights_sitenote_active":false,"_monsterinsights_sitenote_note":"","_monsterinsights_sitenote_category":0,"footnotes":""},"categories":[158],"tags":[15563,15565,15564,6040,12662],"class_list":["post-57747","post","type-post","status-publish","format-standard","has-post-thumbnail","hentry","category-politica","tag-cambian","tag-caso-ecovia","tag-cautelar","tag-el-bronco","tag-medida","wp-image-borders"],"amp_enabled":true,"_links":{"self":[{"href":"https:\/\/nvnoticias.mx\/index.php\/wp-json\/wp\/v2\/posts\/57747","targetHints":{"allow":["GET"]}}],"collection":[{"href":"https:\/\/nvnoticias.mx\/index.php\/wp-json\/wp\/v2\/posts"}],"about":[{"href":"https:\/\/nvnoticias.mx\/index.php\/wp-json\/wp\/v2\/types\/post"}],"author":[{"embeddable":true,"href":"https:\/\/nvnoticias.mx\/index.php\/wp-json\/wp\/v2\/users\/35"}],"replies":[{"embeddable":true,"href":"https:\/\/nvnoticias.mx\/index.php\/wp-json\/wp\/v2\/comments?post=57747"}],"version-history":[{"count":1,"href":"https:\/\/nvnoticias.mx\/index.php\/wp-json\/wp\/v2\/posts\/57747\/revisions"}],"predecessor-version":[{"id":57749,"href":"https:\/\/nvnoticias.mx\/index.php\/wp-json\/wp\/v2\/posts\/57747\/revisions\/57749"}],"wp:featuredmedia":[{"embeddable":true,"href":"https:\/\/nvnoticias.mx\/index.php\/wp-json\/wp\/v2\/media\/45377"}],"wp:attachment":[{"href":"https:\/\/nvnoticias.mx\/index.php\/wp-json\/wp\/v2\/media?parent=57747"}],"wp:term":[{"taxonomy":"category","embeddable":true,"href":"https:\/\/nvnoticias.mx\/index.php\/wp-json\/wp\/v2\/categories?post=57747"},{"taxonomy":"post_tag","embeddable":true,"href":"https:\/\/nvnoticias.mx\/index.php\/wp-json\/wp\/v2\/tags?post=57747"}],"curies":[{"name":"wp","href":"https:\/\/api.w.org\/{rel}","templated":true}]}}