{"id":57744,"date":"2022-06-02T14:12:47","date_gmt":"2022-06-02T19:12:47","guid":{"rendered":"https:\/\/nvnoticias.mx\/?p=57744"},"modified":"2022-06-02T14:12:48","modified_gmt":"2022-06-02T19:12:48","slug":"extraditan-a-cesar-duarte-exgobernador-de-chihuahua-de-eu-a-mexico","status":"publish","type":"post","link":"https:\/\/nvnoticias.mx\/index.php\/2022\/06\/02\/extraditan-a-cesar-duarte-exgobernador-de-chihuahua-de-eu-a-mexico\/","title":{"rendered":"Extraditan a C\u00e9sar Duarte exgobernador de Chihuahua de EU a M\u00e9xico"},"content":{"rendered":"\n<p><strong>C\u00e9sar Duarte<\/strong>, exgobernador priista de Chihuahua, es trasladado de Estados Unidos a M\u00e9xico y se espera que llegue la tarde de este jueves al Aeropuerto de la Ciudad de M\u00e9xico\u00a0acusado de los delitos de asociaci\u00f3n delictuosa y peculado de 96.6 millones de pesos.<\/p>\n\n\n\n<p>De acuerdo con fuentes judiciales, el exmandatario vuela en un avi\u00f3n de la Fiscal\u00eda General de la Rep\u00fablica (FGR), por lo que se espera que arribe esta tarde al Aeropuerto Internacional de la Ciudad de M\u00e9xico, procedente de Florida.<\/p>\n\n\n\n<p>En julio de 2020, el Gobierno de M\u00e9xico solicit\u00f3 a Estados Unidos la extradici\u00f3n de Duarte J\u00e1quez por un presunto desv\u00edo de 96.6 millones de pesos a dos de sus empresas.<\/p>\n\n\n\n<p>Por este hecho, seg\u00fan la FGR, en octubre de 2019, una&nbsp; juez de Control de Chihuahua libr\u00f3 una orden de aprehensi\u00f3n en contra&nbsp; Duarte por su presunta responsabilidad en los delitos de peculado y asociaci\u00f3n delictuosa.<\/p>\n\n\n\n<p>La FGR se\u00f1al\u00f3 que en 2018, el gobierno de Chihuahua, encabezado por el panista Javier Corral Jurado, present\u00f3 ante la entonces Procuradur\u00eda General de la Rep\u00fablica (PGR) las carpetas de investigaci\u00f3n y las \u00f3rdenes de aprehensi\u00f3n con que contaba hasta ese momento en contra del exmandatario priista, por diversos delitos.<\/p>\n\n\n\n<p>En diciembre de ese a\u00f1o, la FGR solicit\u00f3 el apoyo de la Secretar\u00eda de Relaciones Exteriores (SRE) para tramitar la solicitud formal de extradici\u00f3n de C\u00e9sar Duarte&nbsp; ante el gobierno de Estados Unidos, la cual fue cumplimentada por elementos del Servicio de&nbsp; Alguaciles Federales (US Marshals Service, por sus siglas en ingl\u00e9s) en Miami, Florida.<\/p>\n\n\n\n<p>C\u00e9sar Duarte J\u00e1quez, quien gobern\u00f3 Chihuahua de 2010 a 2016, est\u00e1 acusado de peculado y del presunto desvi\u00f3 de recursos a la campa\u00f1a electoral del Partido Revolucionario Institucional (PRI) en 2015, al que perteneci\u00f3 y del que fue diputado federal.<\/p>\n\n\n\n<p>Entre 2017 y 2018 se giraron al menos 11 \u00f3rdenes de aprehensi\u00f3n en su contra y en marzo de 2017 la Interpol emiti\u00f3 la ficha roja, por lo que el exmandatario estatal desde entonces era buscado en m\u00e1s de 190 pa\u00edses.<\/p>\n\n\n\n<p><strong>Maru Campos<\/strong>, gobernadora de Chihuahua, comparti\u00f3 un video en redes sociales en el que reiter\u00f3 que en su gobierno no habr\u00e1 perd\u00f3n ni olvido para los exmandatarios, por lo que se habr\u00e1 de concretar la extradici\u00f3n de Duarte.&nbsp;<\/p>\n\n\n\n<p>\u201cCelebro que de esta forma pueda llevarse a cabo el proceso judicial en M\u00e9xico para que se haga justicia\u201d, dijo Campos.&nbsp;&nbsp;<\/p>\n\n\n\n<p>Pidi\u00f3 a la Fiscal\u00eda del estado que atienda de forma meticulosa las carpetas de investigaci\u00f3n y refiri\u00f3 que la Fiscal\u00eda General de la Rep\u00fablica puede solicitar atraer el caso.\u00a0<\/p>\n\n\n\n<p>Fuente: <a href=\"https:\/\/www.eluniversal.com.mx\/nacion\/cesar-duarte-exgobernador-de-chihuahua-es-extraditado-de-eu-mexico\" data-type=\"URL\" data-id=\"https:\/\/www.eluniversal.com.mx\/nacion\/cesar-duarte-exgobernador-de-chihuahua-es-extraditado-de-eu-mexico\">El Universal<\/a><\/p>\n","protected":false},"excerpt":{"rendered":"<p>C\u00e9sar Duarte, exgobernador priista de Chihuahua, es trasladado de Estados Unidos a M\u00e9xico y se espera que llegue la tarde de este jueves al Aeropuerto de la Ciudad de M\u00e9xico\u00a0acusado de los delitos de asociaci\u00f3n delictuosa y peculado de 96.6 millones de pesos. De acuerdo con fuentes judiciales, el exmandatario vuela en un avi\u00f3n de [&hellip;]<\/p>\n","protected":false},"author":35,"featured_media":57745,"comment_status":"open","ping_status":"open","sticky":false,"template":"","format":"standard","meta":{"_monsterinsights_skip_tracking":false,"_monsterinsights_sitenote_active":false,"_monsterinsights_sitenote_note":"","_monsterinsights_sitenote_category":0,"footnotes":""},"categories":[158],"tags":[407,1436,183,3087,15562,292,162],"class_list":["post-57744","post","type-post","status-publish","format-standard","has-post-thumbnail","hentry","category-politica","tag-cesar-duarte","tag-chihuahua","tag-estados-unidos","tag-exgobernador","tag-extraditan","tag-mexico","tag-portada","wp-image-borders"],"amp_enabled":true,"_links":{"self":[{"href":"https:\/\/nvnoticias.mx\/index.php\/wp-json\/wp\/v2\/posts\/57744","targetHints":{"allow":["GET"]}}],"collection":[{"href":"https:\/\/nvnoticias.mx\/index.php\/wp-json\/wp\/v2\/posts"}],"about":[{"href":"https:\/\/nvnoticias.mx\/index.php\/wp-json\/wp\/v2\/types\/post"}],"author":[{"embeddable":true,"href":"https:\/\/nvnoticias.mx\/index.php\/wp-json\/wp\/v2\/users\/35"}],"replies":[{"embeddable":true,"href":"https:\/\/nvnoticias.mx\/index.php\/wp-json\/wp\/v2\/comments?post=57744"}],"version-history":[{"count":1,"href":"https:\/\/nvnoticias.mx\/index.php\/wp-json\/wp\/v2\/posts\/57744\/revisions"}],"predecessor-version":[{"id":57746,"href":"https:\/\/nvnoticias.mx\/index.php\/wp-json\/wp\/v2\/posts\/57744\/revisions\/57746"}],"wp:featuredmedia":[{"embeddable":true,"href":"https:\/\/nvnoticias.mx\/index.php\/wp-json\/wp\/v2\/media\/57745"}],"wp:attachment":[{"href":"https:\/\/nvnoticias.mx\/index.php\/wp-json\/wp\/v2\/media?parent=57744"}],"wp:term":[{"taxonomy":"category","embeddable":true,"href":"https:\/\/nvnoticias.mx\/index.php\/wp-json\/wp\/v2\/categories?post=57744"},{"taxonomy":"post_tag","embeddable":true,"href":"https:\/\/nvnoticias.mx\/index.php\/wp-json\/wp\/v2\/tags?post=57744"}],"curies":[{"name":"wp","href":"https:\/\/api.w.org\/{rel}","templated":true}]}}