{"id":57734,"date":"2022-06-02T13:50:46","date_gmt":"2022-06-02T18:50:46","guid":{"rendered":"https:\/\/nvnoticias.mx\/?p=57734"},"modified":"2022-06-02T13:50:48","modified_gmt":"2022-06-02T18:50:48","slug":"las-lluvias-lejos-de-afectar-aumentaron-las-reservas-de-agua","status":"publish","type":"post","link":"https:\/\/nvnoticias.mx\/index.php\/2022\/06\/02\/las-lluvias-lejos-de-afectar-aumentaron-las-reservas-de-agua\/","title":{"rendered":"Las lluvias lejos de afectar, aumentaron las reservas de agua"},"content":{"rendered":"\n<p><strong>Jes\u00fas Utrilla \/ NV Noticias<\/strong><\/p>\n\n\n\n<p>Las lluvias no han generado afectaciones en el estado de Veracruz, se\u00f1al\u00f3 la secretaria de Protecci\u00f3n Civil Guadalupe Osorno Maldonado. <\/p>\n\n\n\n<p>Mencion\u00f3 que los niveles de los r\u00edos y presas estaban abajo y pudieron captar el l\u00edquido sin mayor problema. <\/p>\n\n\n\n<p>Agreg\u00f3 que las precipitaciones pluviales s\u00f3lo refrescaron y aminoraron los incendios en pastizales que a la fecha suman m\u00e1s de 100 eventos. <\/p>\n\n\n\n<p>Agradeci\u00f3 a las brigadas CONAFOR, medio ambiente y voluntarios por ayudar a mitigar los incendios.<\/p>\n\n\n\n<p>Adem\u00e1s las precipitaciones aumentaron las reservas agua. <\/p>\n\n\n\n<p>Por otro lado se\u00f1al\u00f3 que protecci\u00f3n civil estar\u00e1 participando en el operativo de seguridad por la realizaci\u00f3n del festival de la salsa en Boca del R\u00edo. <\/p>\n\n\n\n<p>Llam\u00f3 a los asistentes a acatar las recomendaciones de protecci\u00f3n civil, incluso cuando acabe el evento se llevar\u00e1 a cabo un barrido para que la gente no se introduzca al mar.<\/p>\n","protected":false},"excerpt":{"rendered":"<p>Jes\u00fas Utrilla \/ NV Noticias Las lluvias no han generado afectaciones en el estado de Veracruz, se\u00f1al\u00f3 la secretaria de Protecci\u00f3n Civil Guadalupe Osorno Maldonado. Mencion\u00f3 que los niveles de los r\u00edos y presas estaban abajo y pudieron captar el l\u00edquido sin mayor problema. Agreg\u00f3 que las precipitaciones pluviales s\u00f3lo refrescaron y aminoraron los incendios [&hellip;]<\/p>\n","protected":false},"author":8,"featured_media":53662,"comment_status":"open","ping_status":"open","sticky":false,"template":"","format":"standard","meta":{"_monsterinsights_skip_tracking":false,"_monsterinsights_sitenote_active":false,"_monsterinsights_sitenote_note":"","_monsterinsights_sitenote_category":0,"footnotes":""},"categories":[154],"tags":[3332,15558],"class_list":["post-57734","post","type-post","status-publish","format-standard","has-post-thumbnail","hentry","category-veracruz","tag-lluvias","tag-reservas-de-agua","wp-image-borders"],"amp_enabled":true,"_links":{"self":[{"href":"https:\/\/nvnoticias.mx\/index.php\/wp-json\/wp\/v2\/posts\/57734","targetHints":{"allow":["GET"]}}],"collection":[{"href":"https:\/\/nvnoticias.mx\/index.php\/wp-json\/wp\/v2\/posts"}],"about":[{"href":"https:\/\/nvnoticias.mx\/index.php\/wp-json\/wp\/v2\/types\/post"}],"author":[{"embeddable":true,"href":"https:\/\/nvnoticias.mx\/index.php\/wp-json\/wp\/v2\/users\/8"}],"replies":[{"embeddable":true,"href":"https:\/\/nvnoticias.mx\/index.php\/wp-json\/wp\/v2\/comments?post=57734"}],"version-history":[{"count":1,"href":"https:\/\/nvnoticias.mx\/index.php\/wp-json\/wp\/v2\/posts\/57734\/revisions"}],"predecessor-version":[{"id":57740,"href":"https:\/\/nvnoticias.mx\/index.php\/wp-json\/wp\/v2\/posts\/57734\/revisions\/57740"}],"wp:featuredmedia":[{"embeddable":true,"href":"https:\/\/nvnoticias.mx\/index.php\/wp-json\/wp\/v2\/media\/53662"}],"wp:attachment":[{"href":"https:\/\/nvnoticias.mx\/index.php\/wp-json\/wp\/v2\/media?parent=57734"}],"wp:term":[{"taxonomy":"category","embeddable":true,"href":"https:\/\/nvnoticias.mx\/index.php\/wp-json\/wp\/v2\/categories?post=57734"},{"taxonomy":"post_tag","embeddable":true,"href":"https:\/\/nvnoticias.mx\/index.php\/wp-json\/wp\/v2\/tags?post=57734"}],"curies":[{"name":"wp","href":"https:\/\/api.w.org\/{rel}","templated":true}]}}