{"id":57733,"date":"2022-06-02T13:41:49","date_gmt":"2022-06-02T18:41:49","guid":{"rendered":"https:\/\/nvnoticias.mx\/?p=57733"},"modified":"2022-06-02T13:41:50","modified_gmt":"2022-06-02T18:41:50","slug":"envia-calderon-y-panistas-solidaridad-a-juan-pablo-adame-por-iniciar-quimios","status":"publish","type":"post","link":"https:\/\/nvnoticias.mx\/index.php\/2022\/06\/02\/envia-calderon-y-panistas-solidaridad-a-juan-pablo-adame-por-iniciar-quimios\/","title":{"rendered":"Env\u00eda Calder\u00f3n y panistas solidaridad a Juan Pablo Adame por iniciar quimios"},"content":{"rendered":"\n<p><strong>Juan Pablo Adame<\/strong>, asesor de los senadores del\u00a0<strong>PAN<\/strong>, inform\u00f3 que este jueves comenz\u00f3 quimioterapias contra el c\u00e1ncer que le fue diagnosticado hace algunos meses.\u00a0<\/p>\n\n\n\n<p>A trav\u00e9s de sus redes sociales, el exdiputado federal panista comparti\u00f3 que seg\u00fan el tratamiento indicado por los m\u00e9dicos, ser\u00e1n seis meses en los que aplicar\u00e1n dos distintas tipos de quimios para que su cuerpo pueda sanar y el c\u00e1ncer ya no regrese.&nbsp;<\/p>\n\n\n\n<blockquote class=\"wp-block-quote is-layout-flow wp-block-quote-is-layout-flow\"><p>\u201cEstoy convencido que cada paso que d\u00e9 en este peregrinar me acercar\u00e1 m\u00e1s a la curaci\u00f3n, me acercar\u00e1 m\u00e1s a Dios y a su divina voluntad\u201d, escribi\u00f3 el hijo del exgobernador de Morelos,\u00a0<strong>Marco Antonio Adame<\/strong>.\u00a0<\/p><\/blockquote>\n\n\n\n<blockquote class=\"wp-block-quote is-layout-flow wp-block-quote-is-layout-flow\"><p>\u201cTengo cuatro corazones dentro de m\u00ed que me estar\u00e1n dando energ\u00eda, fortaleza y amor todos los d\u00edas: Eli, Mar\u00eda, Rodrigo e In\u00e9s. Ellos son todo\u201d, a\u00f1adi\u00f3.\u00a0<\/p><\/blockquote>\n\n\n\n<p>Adame pidi\u00f3 a sus amigos que hagan oraciones por \u00e9l: \u201cHoy m\u00e1s que nunca recurro a ustedes, quiero que pidamos por el milagro de la curaci\u00f3n y por estos seis meses de quimioterapia. Los necesito. Por mi parte, les ofrezco mis padecimientos por todo lo malo que est\u00e9n pasando, cuentan con mis oraciones por ustedes\u201d.<\/p>\n\n\n\n<p>El panista tambi\u00e9n agradeci\u00f3 a familia y amigos las muestras de cari\u00f1o y solidaridad porque hace un mes fue operado debido al c\u00e1ncer.<\/p>\n\n\n\n<p>Ante su mensaje, el expresidente<strong>&nbsp;Felipe Calder\u00f3n<\/strong>&nbsp;y otros panistas enviaron sus buenos deseos al exdiputado.&nbsp;<\/p>\n\n\n\n<p>\u201cUn abrazo Juan Pablo Adame, y cuenta con nosotros! Abrazos y bendiciones para ti y los tuyos\u201d, escribi\u00f3 el expresidente.<\/p>\n\n\n\n<p>La diputada panista y esposa de Calder\u00f3n,&nbsp;<strong>Margarita Zavala<\/strong>, expres\u00f3: \u201c\u00a1Vamos Juan Pablo!\u201d.<\/p>\n\n\n\n<p>La senadora&nbsp;<strong>Kenia L\u00f3pez Rabad\u00e1n<\/strong>&nbsp;escribi\u00f3 a Adame: D\u00eda a d\u00eda con Fe y Esperanza mi querido JP! Te mando un abrazo lleno de cari\u00f1o\u201d.<\/p>\n\n\n\n<p>La exdiputada panista&nbsp;<strong>Adriana D\u00e1vila<\/strong>&nbsp;le escribi\u00f3: \u201cPido por tu salud, por tu pronta recuperaci\u00f3n. Un abrazo\u201d.<\/p>\n\n\n\n<p>\u201cBravo Juan Pablo, y gracias por mantenernos al tanto. Adelante con esa fuerza, much\u00edsimos estamos pendientes de tu total recuperaci\u00f3n. Abrazo\u201d, escribi\u00f3 la diputada<strong>\u00a0Mar\u00eda Elena P\u00e9rez- Ja\u00e9n<\/strong>.<\/p>\n\n\n\n<p>Fuente: <a href=\"https:\/\/www.eluniversal.com.mx\/nacion\/calderon-y-panistas-envian-solidaridad-juan-pablo-adame-por-iniciar-quimios-contra-el-cancer\" data-type=\"URL\" data-id=\"https:\/\/www.eluniversal.com.mx\/nacion\/calderon-y-panistas-envian-solidaridad-juan-pablo-adame-por-iniciar-quimios-contra-el-cancer\">El Universal<\/a><\/p>\n","protected":false},"excerpt":{"rendered":"<p>Juan Pablo Adame, asesor de los senadores del\u00a0PAN, inform\u00f3 que este jueves comenz\u00f3 quimioterapias contra el c\u00e1ncer que le fue diagnosticado hace algunos meses.\u00a0 A trav\u00e9s de sus redes sociales, el exdiputado federal panista comparti\u00f3 que seg\u00fan el tratamiento indicado por los m\u00e9dicos, ser\u00e1n seis meses en los que aplicar\u00e1n dos distintas tipos de quimios [&hellip;]<\/p>\n","protected":false},"author":35,"featured_media":57735,"comment_status":"open","ping_status":"open","sticky":false,"template":"","format":"standard","meta":{"_monsterinsights_skip_tracking":false,"_monsterinsights_sitenote_active":false,"_monsterinsights_sitenote_note":"","_monsterinsights_sitenote_category":0,"footnotes":""},"categories":[158],"tags":[8308,13543,15555,4005,11497],"class_list":["post-57733","post","type-post","status-publish","format-standard","has-post-thumbnail","hentry","category-politica","tag-envia","tag-felipe-calderon","tag-juan-pablo-adame","tag-panistas","tag-solidaridad","wp-image-borders"],"amp_enabled":true,"_links":{"self":[{"href":"https:\/\/nvnoticias.mx\/index.php\/wp-json\/wp\/v2\/posts\/57733","targetHints":{"allow":["GET"]}}],"collection":[{"href":"https:\/\/nvnoticias.mx\/index.php\/wp-json\/wp\/v2\/posts"}],"about":[{"href":"https:\/\/nvnoticias.mx\/index.php\/wp-json\/wp\/v2\/types\/post"}],"author":[{"embeddable":true,"href":"https:\/\/nvnoticias.mx\/index.php\/wp-json\/wp\/v2\/users\/35"}],"replies":[{"embeddable":true,"href":"https:\/\/nvnoticias.mx\/index.php\/wp-json\/wp\/v2\/comments?post=57733"}],"version-history":[{"count":1,"href":"https:\/\/nvnoticias.mx\/index.php\/wp-json\/wp\/v2\/posts\/57733\/revisions"}],"predecessor-version":[{"id":57736,"href":"https:\/\/nvnoticias.mx\/index.php\/wp-json\/wp\/v2\/posts\/57733\/revisions\/57736"}],"wp:featuredmedia":[{"embeddable":true,"href":"https:\/\/nvnoticias.mx\/index.php\/wp-json\/wp\/v2\/media\/57735"}],"wp:attachment":[{"href":"https:\/\/nvnoticias.mx\/index.php\/wp-json\/wp\/v2\/media?parent=57733"}],"wp:term":[{"taxonomy":"category","embeddable":true,"href":"https:\/\/nvnoticias.mx\/index.php\/wp-json\/wp\/v2\/categories?post=57733"},{"taxonomy":"post_tag","embeddable":true,"href":"https:\/\/nvnoticias.mx\/index.php\/wp-json\/wp\/v2\/tags?post=57733"}],"curies":[{"name":"wp","href":"https:\/\/api.w.org\/{rel}","templated":true}]}}