{"id":57702,"date":"2022-06-02T12:09:07","date_gmt":"2022-06-02T17:09:07","guid":{"rendered":"https:\/\/nvnoticias.mx\/?p=57702"},"modified":"2022-06-02T12:09:08","modified_gmt":"2022-06-02T17:09:08","slug":"piden-a-empresarios-xalapenos-denunciar-casos-de-extorsion","status":"publish","type":"post","link":"https:\/\/nvnoticias.mx\/index.php\/2022\/06\/02\/piden-a-empresarios-xalapenos-denunciar-casos-de-extorsion\/","title":{"rendered":"Piden a empresarios xalape\u00f1os denunciar casos de extorsi\u00f3n"},"content":{"rendered":"\n<p><strong>Sam Ojeda\u00a0\/ NV Noticias<\/strong><\/p>\n\n\n\n<p>Xalapa.- El presidente del Consejo Empresarial Metropolitano de Xalapa, Fernando Arana Watty, pidi\u00f3 a sus agremiados denunciar ante la Fiscal\u00eda General del Estado (FGE) cualquier intento de extorsi\u00f3n.<\/p>\n\n\n\n<blockquote class=\"wp-block-quote is-layout-flow wp-block-quote-is-layout-flow\"><p>\u201c<em>Debemos denunciarlo ante la Fiscal\u00eda General. Nosotros estamos a favor de la denuncia para que se pueda actuar y no se vuelva un chisme. Muchos no denuncian por miedo<\/em>\u201d.<\/p><\/blockquote>\n\n\n\n<p>Dijo que el Consejo ha brindado acompa\u00f1amientos a empresarios que han sido afectados por este delito, aunque no inform\u00f3 la cifra de casos que se han registrado en lo que va del a\u00f1o.\u00a0<\/p>\n\n\n\n<blockquote class=\"wp-block-quote is-layout-flow wp-block-quote-is-layout-flow\"><p>\u201c<em>Los empresarios tenemos una preocupaci\u00f3n por los delitos y en modalidad de extorsi\u00f3n, afecta mucho y socava las bases de la paz laboral e impide el crecimiento y cierra comercios por lo mismo<\/em>\u201d.\u00a0<\/p><\/blockquote>\n\n\n\n<p>Consider\u00f3 que los empresarios s\u00ed tienen una preocupaci\u00f3n latente por los delitos, en cualquiera de sus formas y en especial, la modalidad de \u201cextorsi\u00f3n\u201d. <\/p>\n\n\n\n<blockquote class=\"wp-block-quote is-layout-flow wp-block-quote-is-layout-flow\"><p>\u201c<em>Los empresarios si estamos preocupados, aunque sea por una sola extorsi\u00f3n que se haga, es un asunto grave que debe preocuparnos y debemos estar informados y preparados, saber que se puede presentar como una extorsi\u00f3n directa en el negocio o de manera telef\u00f3nica<\/em>\u201d.<\/p><\/blockquote>\n\n\n\n<p>Agreg\u00f3 que es muy importante saber qu\u00e9 hacer, c\u00f3mo reaccionar y a d\u00f3nde acudir, por lo que constantemente informan a sus agremiados, p\u00fablico en general, familiares y conocidos lo que deben hacer si se les presenta una de esas inesperadas y angustiantes situaciones.<\/p>\n","protected":false},"excerpt":{"rendered":"<p>Sam Ojeda\u00a0\/ NV Noticias Xalapa.- El presidente del Consejo Empresarial Metropolitano de Xalapa, Fernando Arana Watty, pidi\u00f3 a sus agremiados denunciar ante la Fiscal\u00eda General del Estado (FGE) cualquier intento de extorsi\u00f3n. \u201cDebemos denunciarlo ante la Fiscal\u00eda General. Nosotros estamos a favor de la denuncia para que se pueda actuar y no se vuelva un [&hellip;]<\/p>\n","protected":false},"author":8,"featured_media":47592,"comment_status":"open","ping_status":"open","sticky":false,"template":"","format":"standard","meta":{"_monsterinsights_skip_tracking":false,"_monsterinsights_sitenote_active":false,"_monsterinsights_sitenote_note":"","_monsterinsights_sitenote_category":0,"footnotes":""},"categories":[156],"tags":[301,5172,312],"class_list":["post-57702","post","type-post","status-publish","format-standard","has-post-thumbnail","hentry","category-estado","tag-empresarios","tag-extorsiones","tag-xalapa","wp-image-borders"],"amp_enabled":true,"_links":{"self":[{"href":"https:\/\/nvnoticias.mx\/index.php\/wp-json\/wp\/v2\/posts\/57702","targetHints":{"allow":["GET"]}}],"collection":[{"href":"https:\/\/nvnoticias.mx\/index.php\/wp-json\/wp\/v2\/posts"}],"about":[{"href":"https:\/\/nvnoticias.mx\/index.php\/wp-json\/wp\/v2\/types\/post"}],"author":[{"embeddable":true,"href":"https:\/\/nvnoticias.mx\/index.php\/wp-json\/wp\/v2\/users\/8"}],"replies":[{"embeddable":true,"href":"https:\/\/nvnoticias.mx\/index.php\/wp-json\/wp\/v2\/comments?post=57702"}],"version-history":[{"count":1,"href":"https:\/\/nvnoticias.mx\/index.php\/wp-json\/wp\/v2\/posts\/57702\/revisions"}],"predecessor-version":[{"id":57703,"href":"https:\/\/nvnoticias.mx\/index.php\/wp-json\/wp\/v2\/posts\/57702\/revisions\/57703"}],"wp:featuredmedia":[{"embeddable":true,"href":"https:\/\/nvnoticias.mx\/index.php\/wp-json\/wp\/v2\/media\/47592"}],"wp:attachment":[{"href":"https:\/\/nvnoticias.mx\/index.php\/wp-json\/wp\/v2\/media?parent=57702"}],"wp:term":[{"taxonomy":"category","embeddable":true,"href":"https:\/\/nvnoticias.mx\/index.php\/wp-json\/wp\/v2\/categories?post=57702"},{"taxonomy":"post_tag","embeddable":true,"href":"https:\/\/nvnoticias.mx\/index.php\/wp-json\/wp\/v2\/tags?post=57702"}],"curies":[{"name":"wp","href":"https:\/\/api.w.org\/{rel}","templated":true}]}}