{"id":57552,"date":"2022-06-01T14:31:52","date_gmt":"2022-06-01T19:31:52","guid":{"rendered":"https:\/\/nvnoticias.mx\/?p=57552"},"modified":"2022-06-01T14:33:31","modified_gmt":"2022-06-01T19:33:31","slug":"anuncian-la-reapertura-del-foro-boca-para-el-14-de-junio","status":"publish","type":"post","link":"https:\/\/nvnoticias.mx\/index.php\/2022\/06\/01\/anuncian-la-reapertura-del-foro-boca-para-el-14-de-junio\/","title":{"rendered":"Anuncian la reapertura del Foro Boca para el 14 de junio"},"content":{"rendered":"\n<p><strong>Jes\u00fas Utrilla \/ NV Noticias<\/strong><\/p>\n\n\n\n<p>El Foro Boca abrir\u00e1 sus puertas este 14 de junio despu\u00e9s de m\u00e1s de 2 a\u00f1os que estuvo cerrado por la pandemia. <\/p>\n\n\n\n<p>indic\u00f3 que previ\u00f3 a la pandemia de ten\u00edan mensualmente hasta 25 eventos y se reactivar\u00e1 al 100 por ciento.<\/p>\n\n\n\n<blockquote class=\"wp-block-quote is-layout-flow wp-block-quote-is-layout-flow\"><p>\u201c<em>Estar\u00e1 abierto a todas las actividades, a todas las empresas, los congresos, a escuelas, a la orquesta filarm\u00f3nica, tenemos varios congresos en puerta, pero tenemos muchos espect\u00e1culos que estar\u00e1n agendados<\/em>\u201d.<\/p><\/blockquote>\n\n\n\n<p>Inform\u00f3 que se presentar\u00e1 Fernando Delgadillo, Caloncho y otros artistas en los siguientes meses. <\/p>\n\n\n\n<p>Manifest\u00f3 que los Orquesta Sinf\u00f3nica iniciar\u00e1 temporada en el mes de septiembre. <\/p>\n\n\n\n<blockquote class=\"wp-block-quote is-layout-flow wp-block-quote-is-layout-flow\"><p>\u201c<em>La temporada de conciertos de la orquesta empezar\u00e1 en septiembre y vamos a ir alternando con algunos invitados, la orquesta de est\u00e1 formando de nuevo y tienen que tocar en el Teatro Clavijero, ser\u00e1n diferentes conciertos<\/em>\u201d.<\/p><\/blockquote>\n\n\n\n<p>Inform\u00f3 que el 14 de junio se presentar\u00e1 el violinista Joshua Bell, en el Foro Boca, con lo que se reabrir\u00e1 la actividad art\u00edstica y cultural en Boca del R\u00edo.<\/p>\n","protected":false},"excerpt":{"rendered":"<p>Jes\u00fas Utrilla \/ NV Noticias El Foro Boca abrir\u00e1 sus puertas este 14 de junio despu\u00e9s de m\u00e1s de 2 a\u00f1os que estuvo cerrado por la pandemia. indic\u00f3 que previ\u00f3 a la pandemia de ten\u00edan mensualmente hasta 25 eventos y se reactivar\u00e1 al 100 por ciento. \u201cEstar\u00e1 abierto a todas las actividades, a todas las [&hellip;]<\/p>\n","protected":false},"author":8,"featured_media":57553,"comment_status":"open","ping_status":"open","sticky":false,"template":"","format":"standard","meta":{"_monsterinsights_skip_tracking":false,"_monsterinsights_sitenote_active":false,"_monsterinsights_sitenote_note":"","_monsterinsights_sitenote_category":0,"footnotes":""},"categories":[154],"tags":[15509,3663],"class_list":["post-57552","post","type-post","status-publish","format-standard","has-post-thumbnail","hentry","category-veracruz","tag-foro-boca","tag-reapertura","wp-image-borders"],"amp_enabled":true,"_links":{"self":[{"href":"https:\/\/nvnoticias.mx\/index.php\/wp-json\/wp\/v2\/posts\/57552","targetHints":{"allow":["GET"]}}],"collection":[{"href":"https:\/\/nvnoticias.mx\/index.php\/wp-json\/wp\/v2\/posts"}],"about":[{"href":"https:\/\/nvnoticias.mx\/index.php\/wp-json\/wp\/v2\/types\/post"}],"author":[{"embeddable":true,"href":"https:\/\/nvnoticias.mx\/index.php\/wp-json\/wp\/v2\/users\/8"}],"replies":[{"embeddable":true,"href":"https:\/\/nvnoticias.mx\/index.php\/wp-json\/wp\/v2\/comments?post=57552"}],"version-history":[{"count":2,"href":"https:\/\/nvnoticias.mx\/index.php\/wp-json\/wp\/v2\/posts\/57552\/revisions"}],"predecessor-version":[{"id":57556,"href":"https:\/\/nvnoticias.mx\/index.php\/wp-json\/wp\/v2\/posts\/57552\/revisions\/57556"}],"wp:featuredmedia":[{"embeddable":true,"href":"https:\/\/nvnoticias.mx\/index.php\/wp-json\/wp\/v2\/media\/57553"}],"wp:attachment":[{"href":"https:\/\/nvnoticias.mx\/index.php\/wp-json\/wp\/v2\/media?parent=57552"}],"wp:term":[{"taxonomy":"category","embeddable":true,"href":"https:\/\/nvnoticias.mx\/index.php\/wp-json\/wp\/v2\/categories?post=57552"},{"taxonomy":"post_tag","embeddable":true,"href":"https:\/\/nvnoticias.mx\/index.php\/wp-json\/wp\/v2\/tags?post=57552"}],"curies":[{"name":"wp","href":"https:\/\/api.w.org\/{rel}","templated":true}]}}