{"id":57523,"date":"2022-06-01T12:59:28","date_gmt":"2022-06-01T17:59:28","guid":{"rendered":"https:\/\/nvnoticias.mx\/?p=57523"},"modified":"2022-06-01T12:59:29","modified_gmt":"2022-06-01T17:59:29","slug":"mas-de-3-mil-personas-piden-no-cerrar-museo-del-cerro-de-macuiltepetl","status":"publish","type":"post","link":"https:\/\/nvnoticias.mx\/index.php\/2022\/06\/01\/mas-de-3-mil-personas-piden-no-cerrar-museo-del-cerro-de-macuiltepetl\/","title":{"rendered":"M\u00e1s de 3 mil personas piden no cerrar Museo del Cerro de Macuilt\u00e9petl"},"content":{"rendered":"\n<p><strong>Sam Ojeda\u00a0\/ NV Noticias<\/strong><\/p>\n\n\n\n<p>Xalapa.- M\u00e1s de 3 mil personas han firmado la petici\u00f3n en la plataforma\u00a0<a rel=\"noreferrer noopener\" href=\"http:\/\/change.org\/\" target=\"_blank\">Change.org<\/a>\u00a0para pedir al Ayuntamiento de Xalapa que el\u00a0 Museo Comunitario de la Fauna de Veracruz y Centro de Informaci\u00f3n del Parque Macuilt\u00e9petl no sea cerrado.<\/p>\n\n\n\n<p>El Patronato de este museo se\u00f1al\u00f3 que se han reunido en tres ocasiones con autoridades municipales que han reconocido su trabajo, pero insisten en el cierre del Centro de Informaci\u00f3n Ambiental que funciona los 365 d\u00edas del a\u00f1o.<\/p>\n\n\n\n<p>Este espacio ha funcionado por m\u00e1s de 30 a\u00f1os de servicio y ha recibido premios a nivel estatal, nacional e internacional como el Programa de Apoyo a las Culturas Municipales y Comunitarias en dos ocasiones, el Fondo Estatal para la Cultura y las Artes, entre otras.<\/p>\n\n\n\n<blockquote class=\"wp-block-quote is-layout-flow wp-block-quote-is-layout-flow\"><p>\u201c<em>(El alcalde) recientemente emiti\u00f3 la orden que\u00a0clausurar\u00eda, despu\u00e9s de 30 a\u00f1os de servicio a favor del parque y sus visitantes, que lo consideran un atractivo tur\u00edstico, un\u00a0centro de rescate de animales silvestres\u00a0as\u00ed como un sitio desde donde se promueve la difusi\u00f3n y la investigaci\u00f3n b\u00e1sica y aplicada sobre la\u00a0biodiversidad del municipio de Xalapa<\/em>\u201d, se\u00f1ala la petici\u00f3n.<\/p><\/blockquote>\n\n\n\n<p>Pidieron a la poblaci\u00f3n que firmen la petici\u00f3n para evitar el cierre de este espacio y que adicionalmente escriban cartas en favor del Museo dirigidas al alcalde.\u00a0<\/p>\n\n\n\n<p>Como parte de las acciones tambi\u00e9n se planea una marcha el pr\u00f3ximo 6 de junio en favor del Museo pero tambi\u00e9n del parque y de las \u00e1reas naturales protegidas que afirman est\u00e1n abandonadas.<\/p>\n","protected":false},"excerpt":{"rendered":"<p>Sam Ojeda\u00a0\/ NV Noticias Xalapa.- M\u00e1s de 3 mil personas han firmado la petici\u00f3n en la plataforma\u00a0Change.org\u00a0para pedir al Ayuntamiento de Xalapa que el\u00a0 Museo Comunitario de la Fauna de Veracruz y Centro de Informaci\u00f3n del Parque Macuilt\u00e9petl no sea cerrado. El Patronato de este museo se\u00f1al\u00f3 que se han reunido en tres ocasiones con [&hellip;]<\/p>\n","protected":false},"author":8,"featured_media":57524,"comment_status":"open","ping_status":"open","sticky":false,"template":"","format":"standard","meta":{"_monsterinsights_skip_tracking":false,"_monsterinsights_sitenote_active":false,"_monsterinsights_sitenote_note":"","_monsterinsights_sitenote_category":0,"footnotes":""},"categories":[156],"tags":[12535,8754],"class_list":["post-57523","post","type-post","status-publish","format-standard","has-post-thumbnail","hentry","category-estado","tag-cerro-de-macuiltepetl","tag-museo","wp-image-borders"],"amp_enabled":true,"_links":{"self":[{"href":"https:\/\/nvnoticias.mx\/index.php\/wp-json\/wp\/v2\/posts\/57523","targetHints":{"allow":["GET"]}}],"collection":[{"href":"https:\/\/nvnoticias.mx\/index.php\/wp-json\/wp\/v2\/posts"}],"about":[{"href":"https:\/\/nvnoticias.mx\/index.php\/wp-json\/wp\/v2\/types\/post"}],"author":[{"embeddable":true,"href":"https:\/\/nvnoticias.mx\/index.php\/wp-json\/wp\/v2\/users\/8"}],"replies":[{"embeddable":true,"href":"https:\/\/nvnoticias.mx\/index.php\/wp-json\/wp\/v2\/comments?post=57523"}],"version-history":[{"count":1,"href":"https:\/\/nvnoticias.mx\/index.php\/wp-json\/wp\/v2\/posts\/57523\/revisions"}],"predecessor-version":[{"id":57525,"href":"https:\/\/nvnoticias.mx\/index.php\/wp-json\/wp\/v2\/posts\/57523\/revisions\/57525"}],"wp:featuredmedia":[{"embeddable":true,"href":"https:\/\/nvnoticias.mx\/index.php\/wp-json\/wp\/v2\/media\/57524"}],"wp:attachment":[{"href":"https:\/\/nvnoticias.mx\/index.php\/wp-json\/wp\/v2\/media?parent=57523"}],"wp:term":[{"taxonomy":"category","embeddable":true,"href":"https:\/\/nvnoticias.mx\/index.php\/wp-json\/wp\/v2\/categories?post=57523"},{"taxonomy":"post_tag","embeddable":true,"href":"https:\/\/nvnoticias.mx\/index.php\/wp-json\/wp\/v2\/tags?post=57523"}],"curies":[{"name":"wp","href":"https:\/\/api.w.org\/{rel}","templated":true}]}}