{"id":57392,"date":"2022-05-31T19:19:49","date_gmt":"2022-06-01T00:19:49","guid":{"rendered":"https:\/\/nvnoticias.mx\/?p=57392"},"modified":"2022-05-31T19:19:50","modified_gmt":"2022-06-01T00:19:50","slug":"hospitalizan-a-ignacio-lopez-tarso-por-neumonia","status":"publish","type":"post","link":"https:\/\/nvnoticias.mx\/index.php\/2022\/05\/31\/hospitalizan-a-ignacio-lopez-tarso-por-neumonia\/","title":{"rendered":"Hospitalizan a Ignacio L\u00f3pez Tarso por neumon\u00eda"},"content":{"rendered":"\n<p>Ignacio L\u00f3pez Tarso fue hospitalizado por neumon\u00eda, as\u00ed lo revel\u00f3\u00a0Juan Ignacio Aranda,\u00a0el hijo del actor, quien tambi\u00e9n se\u00f1al\u00f3 que su pap\u00e1 &#8220;est\u00e1 bien, de buen humor&#8221;. <\/p>\n\n\n\n<blockquote class=\"wp-block-quote is-layout-flow wp-block-quote-is-layout-flow\"><p>&#8220;<em>Va a estar algunos d\u00edas para que lo nivelen y pueda regresar a su casa. Pero est\u00e1 bien, est\u00e1 de buen humor, est\u00e1 con antibi\u00f3ticos<\/em>&#8220;, revel\u00f3.\u00a0 <\/p><\/blockquote>\n\n\n\n<blockquote class=\"wp-block-quote is-layout-flow wp-block-quote-is-layout-flow\"><p>&#8220;<em>No es ni covid ni influenza, nada de eso. Est\u00e1 bien, comiendo, despierto, ya se quiere ir a su casa pero tiene que estar algunos d\u00edas, siete d\u00edas por lo menos. Est\u00e1 l\u00facido, platicador y bien de \u00e1nimo<\/em>&#8220;, agreg\u00f3 Juan Ignacio Aranda. <\/p><\/blockquote>\n\n\n\n<p>Fuente: <a href=\"https:\/\/www.milenio.com\/espectaculos\/famosos\/ignacio-lopez-tarso-es-hospitalizado-por-neumonia\">Milenio<\/a><\/p>\n","protected":false},"excerpt":{"rendered":"<p>Ignacio L\u00f3pez Tarso fue hospitalizado por neumon\u00eda, as\u00ed lo revel\u00f3\u00a0Juan Ignacio Aranda,\u00a0el hijo del actor, quien tambi\u00e9n se\u00f1al\u00f3 que su pap\u00e1 &#8220;est\u00e1 bien, de buen humor&#8221;. &#8220;Va a estar algunos d\u00edas para que lo nivelen y pueda regresar a su casa. Pero est\u00e1 bien, est\u00e1 de buen humor, est\u00e1 con antibi\u00f3ticos&#8220;, revel\u00f3.\u00a0 &#8220;No es ni [&hellip;]<\/p>\n","protected":false},"author":8,"featured_media":57393,"comment_status":"open","ping_status":"open","sticky":false,"template":"","format":"standard","meta":{"_monsterinsights_skip_tracking":false,"_monsterinsights_sitenote_active":false,"_monsterinsights_sitenote_note":"","_monsterinsights_sitenote_category":0,"footnotes":""},"categories":[576],"tags":[15489,15490],"class_list":["post-57392","post","type-post","status-publish","format-standard","has-post-thumbnail","hentry","category-ocio","tag-ignacio-lopez-tarso","tag-neumonia","wp-image-borders"],"amp_enabled":true,"_links":{"self":[{"href":"https:\/\/nvnoticias.mx\/index.php\/wp-json\/wp\/v2\/posts\/57392","targetHints":{"allow":["GET"]}}],"collection":[{"href":"https:\/\/nvnoticias.mx\/index.php\/wp-json\/wp\/v2\/posts"}],"about":[{"href":"https:\/\/nvnoticias.mx\/index.php\/wp-json\/wp\/v2\/types\/post"}],"author":[{"embeddable":true,"href":"https:\/\/nvnoticias.mx\/index.php\/wp-json\/wp\/v2\/users\/8"}],"replies":[{"embeddable":true,"href":"https:\/\/nvnoticias.mx\/index.php\/wp-json\/wp\/v2\/comments?post=57392"}],"version-history":[{"count":1,"href":"https:\/\/nvnoticias.mx\/index.php\/wp-json\/wp\/v2\/posts\/57392\/revisions"}],"predecessor-version":[{"id":57394,"href":"https:\/\/nvnoticias.mx\/index.php\/wp-json\/wp\/v2\/posts\/57392\/revisions\/57394"}],"wp:featuredmedia":[{"embeddable":true,"href":"https:\/\/nvnoticias.mx\/index.php\/wp-json\/wp\/v2\/media\/57393"}],"wp:attachment":[{"href":"https:\/\/nvnoticias.mx\/index.php\/wp-json\/wp\/v2\/media?parent=57392"}],"wp:term":[{"taxonomy":"category","embeddable":true,"href":"https:\/\/nvnoticias.mx\/index.php\/wp-json\/wp\/v2\/categories?post=57392"},{"taxonomy":"post_tag","embeddable":true,"href":"https:\/\/nvnoticias.mx\/index.php\/wp-json\/wp\/v2\/tags?post=57392"}],"curies":[{"name":"wp","href":"https:\/\/api.w.org\/{rel}","templated":true}]}}