{"id":5737,"date":"2021-02-25T09:41:53","date_gmt":"2021-02-25T15:41:53","guid":{"rendered":"https:\/\/nvnoticias.mx\/?p=5737"},"modified":"2021-02-25T09:43:02","modified_gmt":"2021-02-25T15:43:02","slug":"reforma-electrica-con-todo-y-comas","status":"publish","type":"post","link":"https:\/\/nvnoticias.mx\/index.php\/2021\/02\/25\/reforma-electrica-con-todo-y-comas\/","title":{"rendered":"Reforma el\u00e9ctrica con todo y comas"},"content":{"rendered":"\n<p>Como era de esperarse, la C\u00e1mara de Diputados y Diputadas aprob\u00f3 este martes, en lo general, la reforma a la Ley de la Industria El\u00e9ctrica propuesta por el presidente Andr\u00e9s Manuel L\u00f3pez Obrador. Fue aprobado por 304 votos a favor, 179 en contra y 4 abstenciones. Ahora se va al Senado de la Rep\u00fablica donde seguramente va a pasar sin mucho problema.<\/p>\n\n\n\n<p>Ante este escenario, habr\u00edamos de preguntarnos, \u00bfQu\u00e9 implicaciones tiene esta reforma para todos nosotros?, Bernardo Ant\u00fanez Fierro, analista financiero y colaborador de Nvnoticias.mx, nos hizo todo un an\u00e1lisis de esta reforma con sus diversas implicaciones. De entrada, nos dice que esta reforma a la Ley de la Industria El\u00e9ctrica a grandes rasgos implica tres cambios: el primero es que la electricidad que va a requerir el mercado el\u00e9ctrico deber\u00e1 ser tomada de la generaci\u00f3n de las plantas hidroel\u00e9ctricas (entendiendo que no hay ninguna privada, solo son de CFE, o en alg\u00fan mecanismo del gobierno). El segundo cambio es que la CFE genere su propia energ\u00eda basada en su mayor\u00eda en tecnolog\u00eda obsoleta y muy contaminante, consistente en Generadores de Combust\u00f3leo y carb\u00f3n.<\/p>\n\n\n\n<p>Posteriormente queda la generaci\u00f3n e\u00f3lica y solar, y por \u00faltimo est\u00e1 la generaci\u00f3n de las terminales de gas eficientes, ya sea de ciclo combinado o altamente eficiente.<\/p>\n\n\n\n<p>Con esto, aduce Bernardo Ant\u00fanez, se deja fuera a la industria que genera con el costo m\u00e1s bajo que son las de gas de ciclo combinado, las cuales pueden generar hasta en .35 centavos por Kw\/H.<\/p>\n\n\n\n<p>Esta reforma tambi\u00e9n pretende modificar la celebraci\u00f3n de contratos de cobertura el\u00e9ctrica (no queda muy claro por qui\u00e9n se van a ejecutar, si por la Comisi\u00f3n Reguladora de Energ\u00eda CRE, si por el Sistema El\u00e9ctrico Nacional o por la CFE), todo esto con la finalidad de presionar para bajar los precios y as\u00ed apretar a la iniciativa privada que ya participa en el mercado de la generaci\u00f3n de electricidad en nuestro pa\u00eds.<\/p>\n\n\n\n<p>La misma reforma propone que la CRE pueda revocar permisos, tanto porque hubo malas pr\u00e1cticas o corrupci\u00f3n, o porque la CRE considere anomal\u00edas en todos los permisos de autoabasto. Todo esto significa que vamos a tener electricidad m\u00e1s cara, porque la CFE no tiene la tecnolog\u00eda de punta tanto E\u00f3lica como de gas de ciclocombinado, y s\u00ed cuenta con la producci\u00f3n m\u00e1s sucia que es la sustentada en combust\u00f3leo y carb\u00f3n.<\/p>\n\n\n\n<p>Esto genera una gran incertidumbre jur\u00eddica para las inversiones en la generaci\u00f3n de electricidad, adem\u00e1s de crear una mayor desconfianza a nivel internacional sobre la viabilidad de invertir en M\u00e9xico.<\/p>\n\n\n\n<p>Otro aspecto negativo, dice Bernardo, es que no es una reforma constitucional, se contrapone con el TMEC, lo cual va a ocasionar que se antepongan una lluvia de amparos por parte de las empresas que ya tienen firmados contratos de generaci\u00f3n de energ\u00eda.<\/p>\n\n\n\n<p>Va a ser muy probable que vengan en camino controversias constitucionales porque se contrapone con la decisi\u00f3n de la Corte de la pol\u00edtica energ\u00e9tica y la opini\u00f3n de la Comisi\u00f3n Federal de Competencia la COFECE. La viabilidad de esta reforma en su momento va a quedar en manos, o de la Suprema Corte de Justicia de la Naci\u00f3n que la declare inconstitucional como lo hizo con el decreto Nahle, o de la presi\u00f3n que pueda hacer el mismo presidente de Los Estados Unidos, Joe Biden, para defender el cambio clim\u00e1tico y los intereses econ\u00f3micos de las empresas estadounidenses.<\/p>\n\n\n\n<p class=\"has-text-align-right\"><strong>Jorge Luis Malpica Ortiz<\/strong><\/p>\n","protected":false},"excerpt":{"rendered":"<p>Como era de esperarse, la C\u00e1mara de Diputados y Diputadas aprob\u00f3 este martes, en lo general, la reforma a la Ley de la Industria El\u00e9ctrica propuesta por el presidente Andr\u00e9s Manuel L\u00f3pez Obrador. Fue aprobado por 304 votos a favor, 179 en contra y 4 abstenciones. Ahora se va al Senado de la Rep\u00fablica donde [&hellip;]<\/p>\n","protected":false},"author":27,"featured_media":5738,"comment_status":"open","ping_status":"open","sticky":false,"template":"","format":"standard","meta":{"_monsterinsights_skip_tracking":false,"_monsterinsights_sitenote_active":false,"_monsterinsights_sitenote_note":"","_monsterinsights_sitenote_category":0,"footnotes":""},"categories":[243],"tags":[363],"class_list":["post-5737","post","type-post","status-publish","format-standard","has-post-thumbnail","hentry","category-purgatorio","tag-jorge-luis-malpica-ortiz","wp-image-borders"],"amp_enabled":true,"_links":{"self":[{"href":"https:\/\/nvnoticias.mx\/index.php\/wp-json\/wp\/v2\/posts\/5737","targetHints":{"allow":["GET"]}}],"collection":[{"href":"https:\/\/nvnoticias.mx\/index.php\/wp-json\/wp\/v2\/posts"}],"about":[{"href":"https:\/\/nvnoticias.mx\/index.php\/wp-json\/wp\/v2\/types\/post"}],"author":[{"embeddable":true,"href":"https:\/\/nvnoticias.mx\/index.php\/wp-json\/wp\/v2\/users\/27"}],"replies":[{"embeddable":true,"href":"https:\/\/nvnoticias.mx\/index.php\/wp-json\/wp\/v2\/comments?post=5737"}],"version-history":[{"count":2,"href":"https:\/\/nvnoticias.mx\/index.php\/wp-json\/wp\/v2\/posts\/5737\/revisions"}],"predecessor-version":[{"id":5740,"href":"https:\/\/nvnoticias.mx\/index.php\/wp-json\/wp\/v2\/posts\/5737\/revisions\/5740"}],"wp:featuredmedia":[{"embeddable":true,"href":"https:\/\/nvnoticias.mx\/index.php\/wp-json\/wp\/v2\/media\/5738"}],"wp:attachment":[{"href":"https:\/\/nvnoticias.mx\/index.php\/wp-json\/wp\/v2\/media?parent=5737"}],"wp:term":[{"taxonomy":"category","embeddable":true,"href":"https:\/\/nvnoticias.mx\/index.php\/wp-json\/wp\/v2\/categories?post=5737"},{"taxonomy":"post_tag","embeddable":true,"href":"https:\/\/nvnoticias.mx\/index.php\/wp-json\/wp\/v2\/tags?post=5737"}],"curies":[{"name":"wp","href":"https:\/\/api.w.org\/{rel}","templated":true}]}}