{"id":57238,"date":"2022-05-30T19:44:14","date_gmt":"2022-05-31T00:44:14","guid":{"rendered":"https:\/\/nvnoticias.mx\/?p=57238"},"modified":"2022-05-31T14:41:45","modified_gmt":"2022-05-31T19:41:45","slug":"brian-cruz-papona-es-el-proximo-rey-de-la-alegria-del-carnaval-de-veracruz-2022","status":"publish","type":"post","link":"https:\/\/nvnoticias.mx\/index.php\/2022\/05\/30\/brian-cruz-papona-es-el-proximo-rey-de-la-alegria-del-carnaval-de-veracruz-2022\/","title":{"rendered":"Brian Cruz \u201dPaponas&#8221; es el pr\u00f3ximo Rey de la Alegr\u00eda del Carnaval de Veracruz 2022"},"content":{"rendered":"\n<p>Luego de cumplirse el t\u00e9rmino estipulado por la convocatoria a Rey de la Alegr\u00eda, la tarde\/noche de este lunes se llev\u00f3 a cabo el C\u00f3mputo Final para elegir al soberano del Carnaval de Veracruz 2022 \u201cEl m\u00e1s alegre del mundo\u201d que se efectuar\u00e1 del 1 al 5 julio.<\/p>\n\n\n\n<p>El acto tuvo efecto en el Z\u00f3calo de Veracruz, en donde el Presidente de dicho Comit\u00e9, Luis Antonio P\u00e9rez Fraga, anunci\u00f3 que Brian Cruz &#8220;Paponas&#8221; con el distintivo azul ser\u00e1 el pr\u00f3ximo Rey de la Alegr\u00eda del Carnaval de Veracruz al cumplir con todos los requisitos y al haber reunido 871,116 votos (pesos).<\/p>\n\n\n\n<p>Quedan como princesos:<\/p>\n\n\n\n<p>Princeso Primero:<br>Emmanuel Sagaon &#8220;Cherry&#8221; con 129,738 votos<\/p>\n\n\n\n<figure class=\"wp-block-image size-large\"><img loading=\"lazy\" decoding=\"async\" width=\"768\" height=\"1024\" src=\"https:\/\/nvnoticias.mx\/wp-content\/uploads\/2022\/05\/WhatsApp-Image-2022-05-30-at-7.29.32-PM-768x1024.jpeg\" alt=\"\" class=\"wp-image-57239\" srcset=\"https:\/\/nvnoticias.mx\/wp-content\/uploads\/2022\/05\/WhatsApp-Image-2022-05-30-at-7.29.32-PM-768x1024.jpeg 768w, https:\/\/nvnoticias.mx\/wp-content\/uploads\/2022\/05\/WhatsApp-Image-2022-05-30-at-7.29.32-PM-225x300.jpeg 225w, https:\/\/nvnoticias.mx\/wp-content\/uploads\/2022\/05\/WhatsApp-Image-2022-05-30-at-7.29.32-PM.jpeg 960w\" sizes=\"auto, (max-width: 768px) 100vw, 768px\" \/><figcaption>Emmanuel Sagaon CHERRY<br>Primer Princeso<\/figcaption><\/figure>\n\n\n\n<p>Princeso Segundo: Erubiel Santiago Sosa Mu\u00f1oz \u201cEru-Panda Panda\u201d con 126,616<\/p>\n\n\n\n<figure class=\"wp-block-image size-large\"><img loading=\"lazy\" decoding=\"async\" width=\"768\" height=\"1024\" src=\"https:\/\/nvnoticias.mx\/wp-content\/uploads\/2022\/05\/WhatsApp-Image-2022-05-30-at-7.29.56-PM-768x1024.jpeg\" alt=\"\" class=\"wp-image-57240\" srcset=\"https:\/\/nvnoticias.mx\/wp-content\/uploads\/2022\/05\/WhatsApp-Image-2022-05-30-at-7.29.56-PM-768x1024.jpeg 768w, https:\/\/nvnoticias.mx\/wp-content\/uploads\/2022\/05\/WhatsApp-Image-2022-05-30-at-7.29.56-PM-225x300.jpeg 225w, https:\/\/nvnoticias.mx\/wp-content\/uploads\/2022\/05\/WhatsApp-Image-2022-05-30-at-7.29.56-PM.jpeg 960w\" sizes=\"auto, (max-width: 768px) 100vw, 768px\" \/><figcaption>Erubiel Sosa ERUPANDA<br>Princeso Segundo<\/figcaption><\/figure>\n\n\n\n<p>Princeso Tercero: Gelasio Sol\u00eds el payaso \u201cLacho Cucaracho\u201d con 126,290 votos<\/p>\n\n\n\n<figure class=\"wp-block-image size-large\"><img loading=\"lazy\" decoding=\"async\" width=\"768\" height=\"1024\" src=\"https:\/\/nvnoticias.mx\/wp-content\/uploads\/2022\/05\/WhatsApp-Image-2022-05-30-at-7.29.56-PM-1-768x1024.jpeg\" alt=\"\" class=\"wp-image-57241\" srcset=\"https:\/\/nvnoticias.mx\/wp-content\/uploads\/2022\/05\/WhatsApp-Image-2022-05-30-at-7.29.56-PM-1-768x1024.jpeg 768w, https:\/\/nvnoticias.mx\/wp-content\/uploads\/2022\/05\/WhatsApp-Image-2022-05-30-at-7.29.56-PM-1-225x300.jpeg 225w, https:\/\/nvnoticias.mx\/wp-content\/uploads\/2022\/05\/WhatsApp-Image-2022-05-30-at-7.29.56-PM-1.jpeg 960w\" sizes=\"auto, (max-width: 768px) 100vw, 768px\" \/><figcaption>Gelasio Solis LACHO CUCARACHO<br>Princeso Tercero<\/figcaption><\/figure>\n\n\n\n<p>En este marco, el licenciado P\u00e9rez Fraga agradeci\u00f3 a los participantes por su esfuerzo y trabajo en toda su candidatura y los exhort\u00f3 a contribuir a que esta festividad siga siendo la favorita del turismo local e internacional.<\/p>\n\n\n\n<p>Cabe mencionar que, el licenciado Rafael Valverde El\u00edas, dio fe de lo contenido en ambas urnas.<\/p>\n\n\n\n<p>Asimismo, P\u00e9rez Fraga agradeci\u00f3 a la alcaldesa de Veracruz, Patricia Lobeira de Yunes, las facilidades para que todos los eventos relacionados con los festejos del Rey Momo se lleven a cabo en orden y en un ambiente familiar y de alegr\u00eda.<\/p>\n","protected":false},"excerpt":{"rendered":"<p>Luego de cumplirse el t\u00e9rmino estipulado por la convocatoria a Rey de la Alegr\u00eda, la tarde\/noche de este lunes se llev\u00f3 a cabo el C\u00f3mputo Final para elegir al soberano del Carnaval de Veracruz 2022 \u201cEl m\u00e1s alegre del mundo\u201d que se efectuar\u00e1 del 1 al 5 julio. El acto tuvo efecto en el Z\u00f3calo [&hellip;]<\/p>\n","protected":false},"author":8,"featured_media":57242,"comment_status":"open","ping_status":"open","sticky":false,"template":"","format":"standard","meta":{"_monsterinsights_skip_tracking":false,"_monsterinsights_sitenote_active":false,"_monsterinsights_sitenote_note":"","_monsterinsights_sitenote_category":0,"footnotes":""},"categories":[154],"tags":[15446,11412,12403],"class_list":["post-57238","post","type-post","status-publish","format-standard","has-post-thumbnail","hentry","category-veracruz","tag-brian-cruz-papona","tag-carnaval-de-veracruz-2022","tag-rey-de-la-alegria","wp-image-borders"],"amp_enabled":true,"_links":{"self":[{"href":"https:\/\/nvnoticias.mx\/index.php\/wp-json\/wp\/v2\/posts\/57238","targetHints":{"allow":["GET"]}}],"collection":[{"href":"https:\/\/nvnoticias.mx\/index.php\/wp-json\/wp\/v2\/posts"}],"about":[{"href":"https:\/\/nvnoticias.mx\/index.php\/wp-json\/wp\/v2\/types\/post"}],"author":[{"embeddable":true,"href":"https:\/\/nvnoticias.mx\/index.php\/wp-json\/wp\/v2\/users\/8"}],"replies":[{"embeddable":true,"href":"https:\/\/nvnoticias.mx\/index.php\/wp-json\/wp\/v2\/comments?post=57238"}],"version-history":[{"count":2,"href":"https:\/\/nvnoticias.mx\/index.php\/wp-json\/wp\/v2\/posts\/57238\/revisions"}],"predecessor-version":[{"id":57333,"href":"https:\/\/nvnoticias.mx\/index.php\/wp-json\/wp\/v2\/posts\/57238\/revisions\/57333"}],"wp:featuredmedia":[{"embeddable":true,"href":"https:\/\/nvnoticias.mx\/index.php\/wp-json\/wp\/v2\/media\/57242"}],"wp:attachment":[{"href":"https:\/\/nvnoticias.mx\/index.php\/wp-json\/wp\/v2\/media?parent=57238"}],"wp:term":[{"taxonomy":"category","embeddable":true,"href":"https:\/\/nvnoticias.mx\/index.php\/wp-json\/wp\/v2\/categories?post=57238"},{"taxonomy":"post_tag","embeddable":true,"href":"https:\/\/nvnoticias.mx\/index.php\/wp-json\/wp\/v2\/tags?post=57238"}],"curies":[{"name":"wp","href":"https:\/\/api.w.org\/{rel}","templated":true}]}}