{"id":57198,"date":"2022-05-30T15:30:42","date_gmt":"2022-05-30T20:30:42","guid":{"rendered":"https:\/\/nvnoticias.mx\/?p=57198"},"modified":"2022-05-30T15:30:43","modified_gmt":"2022-05-30T20:30:43","slug":"la-tremenda-corte","status":"publish","type":"post","link":"https:\/\/nvnoticias.mx\/index.php\/2022\/05\/30\/la-tremenda-corte\/","title":{"rendered":"La tremenda corte"},"content":{"rendered":"\n<p><strong>Ricardo Homs<\/strong><\/p>\n\n\n\n<p>Las ma\u00f1aneras se han convertido en el tribunal donde se descalifica y se destruyen reputaciones. Sin embargo, tambi\u00e9n se exonera a figuras impresentables, a las cuales se les da un aval presidencial que tiene el valor de una patente de corso, -para seguir abusando del cargo-, ya que este garantiza impunidad por lo menos durante el presente sexenio\u2026 \u00bfqu\u00e9 autoridad se atrever\u00e1 a sentenciar a un protegido del presidente de la rep\u00fablica\u2026 quien ya fue exonerado directamente por \u00e9ste?<\/p>\n\n\n\n<p>Quiz\u00e1 no le han explicado al presidente la fuerza y peso que tiene un aval suyo, o una descalificaci\u00f3n.<\/p>\n\n\n\n<p>Mucho se ha hablado del grave riesgo que significa ser se\u00f1alado por el presidente en una ma\u00f1anera, pues coloca en posici\u00f3n vulnerable a la persona o instituci\u00f3n que es descalificada, llegando a generar riesgos de agresiones directas, -o por lo menos-, acoso medi\u00e1tico o en redes sociales, o incluso judicial.<\/p>\n\n\n\n<p>Un comentario presidencial negativo puede da\u00f1ar una reputaci\u00f3n, generalmente sin aportar argumentos que sustenten los adjetivos calificativos utilizados.<\/p>\n\n\n\n<p>Las ma\u00f1aneras ya se han convertido tambi\u00e9n en ese gran jurado, -o tribunal-, donde gobernadores, funcionarios del gobierno federal, -o incluso personajes convertidos en protagonistas de la vida p\u00fablica-, son absueltos de se\u00f1alamientos graves, sin mas argumento que una palmadita afectuosa y la opini\u00f3n del presidente respecto a su honorabilidad a toda prueba, con lo cual todos sus pecados pol\u00edticos son condonados.<\/p>\n\n\n\n<p>Sin embargo, este mensaje aparentemente informal y expresado de modo afectuoso puede llegar a las autoridades correspondientes, -quienes debiesen conocer del caso-, como una exculpaci\u00f3n sustentada en el deseo presidencial de indulgencia. Es una absoluci\u00f3n a priori, sin argumentos, -que por la contundencia de los halagos-, no deja duda de la protecci\u00f3n que tiene el funcionario.<\/p>\n\n\n\n<p>Tambi\u00e9n, este paneg\u00edrico dedicado a alabar la honestidad absoluta de un funcionario cercano al presidente es un mensaje a la opini\u00f3n p\u00fablica y un recordatorio de que la pol\u00edtica actual est\u00e1 compuesta por los corruptos de ayer y los honorables de hoy.<\/p>\n\n\n\n<p>Sin embargo, avalar la honorabilidad de funcionarios p\u00fablicos compromete al presidente.<\/p>\n\n\n\n<p>Quiz\u00e1 el presidente no se ha concientizado de lo que significa gobernar en el mundo de hoy, regido por la transparencia que facilitan las redes sociales.<\/p>\n\n\n\n<p>La informaci\u00f3n respecto a la actuaci\u00f3n de los funcionarios p\u00fablicos hoy termina siendo documentada f\u00e1cilmente, ya sea en audio, documentos que pueden circular en redes sociales y en muchos casos incluso en video. De este modo las declaraciones cuestionables ante la prensa realizadas por los funcionarios exonerados, -o las acusaciones de los afectados-, o los documentos obtenidos por periodistas dedicados a la investigaci\u00f3n, -por citar algunos ejemplos-, ponen en su lugar la veracidad de los hechos documentados.<\/p>\n\n\n\n<p>Vivimos los tiempos de la transparencia y no se puede tapar el sol con un dedo.<\/p>\n\n\n\n<p>Ya ha sucedido que mientras el presidente alaba en una ma\u00f1anera la honestidad de un funcionario p\u00fablico cercano a \u00e9l, en redes sociales circulan documentos y testimonios que lo exhiben como corrupto.<\/p>\n\n\n\n<p>Si antes de la irrupci\u00f3n tecnol\u00f3gica la opini\u00f3n presidencial era suficiente, hoy los acontecimientos y los hechos documentados fehacientemente en las redes sociales quedan por encima de las suposiciones de buena fe, comprometiendo as\u00ed la credibilidad de la opini\u00f3n presidencial.<\/p>\n\n\n\n<p>Tambi\u00e9n debemos considerar que una exoneraci\u00f3n presidencial respecto a una acusaci\u00f3n puede constituirse en una intromisi\u00f3n en el \u00e1mbito judicial, porque introduce una variable que tendr\u00e1 que enfrentar el juez cuando el asunto sea judicializado.<\/p>\n\n\n\n<p>Quiz\u00e1 sus asesores no han informado al presidente L\u00f3pez Obrador que en el futuro esos personajes cuestionados por alguna conducta inapropiada, -o constitutiva de delito-, podr\u00e1n ser exhibidos nuevamente ya sin la protecci\u00f3n presidencial, -quiz\u00e1 en los pr\u00f3ximos sexenios- y su aval otorgado a la ligera en una ma\u00f1anera, comprometerlo moralmente o incluso, jur\u00eddicamente.<\/p>\n\n\n\n<p>Que recuerde que Genaro Garc\u00eda Luna durante el sexenio de Felipe Calder\u00f3n goz\u00f3 de la buena voluntad presidencial y ello hoy representa una piedra en el zapato para el expresidente.<\/p>\n\n\n\n<p>\u00bfM\u00c9DICOS CUBANOS?<\/p>\n\n\n\n<p>\u00bfCu\u00e1l es el verdadero inter\u00e9s que tiene el presidente por traer a los 500 m\u00e9dicos cubanos?<\/p>\n\n\n\n<p>Todav\u00eda no se cubren las m\u00e1s de 13 mil plazas de m\u00e9dicos especialistas que est\u00e1 contratando el IMSS y ya se contin\u00faa con el plan original de contratar a los 500 m\u00e9dicos cubanos, lo cual genera ahora m\u00e1s interrogantes que antes.<\/p>\n\n\n\n<p>\u00bfCu\u00e1l es el verdadero perfil de los m\u00e9dicos cubanos que pretenden traer?<\/p>\n\n\n\n<p>\u00bfSer\u00e1 que la medicina es simplemente la fachada y se trata de activistas pol\u00edticos que adem\u00e1s son m\u00e9dicos?<\/p>\n\n\n\n<p>\u00bfSer\u00e1 que pretenden venir a capacitar a los morenistas\u2026 en quien sabe qu\u00e9?<\/p>\n\n\n\n<p>El exceso de inter\u00e9s por traerlos a M\u00e9xico rebasa la actitud de quien contrata un perfil profesional para cubrir una necesidad espec\u00edfica.<\/p>\n\n\n\n<p>\u00bfVendr\u00e1n a hacer proselitismo a favor del voto para el candidato de MORENA para el 2024 en las comunidades apartadas\u2026 lejos de la mirada del INE y los partidos pol\u00edticos de oposici\u00f3n?<\/p>\n\n\n\n<p>Es importante descubrir cuales son las verdaderas intenciones de esta contrataci\u00f3n tan estrat\u00e9gica y cara. Recordemos el antecedente de la contrataci\u00f3n cubana en Venezuela, Bolivia y Brasil, s\u00f3lo por citar unos pa\u00edses cuyos gobiernos han sido parte del Foro de Sao Paulo.<\/p>\n\n\n\n<p>ABRAZOS NO BALAZOS<\/p>\n\n\n\n<p>Mientras siguen desapareciendo jovencitas y la criminalidad destroza familias, el presidente reitera su decisi\u00f3n de no cambiar su estrategia de combate a la delincuencia y sigue empecinado en enfocarse solo en acciones preventivas de tipo moral y de resultados a muy largo plazo.<\/p>\n\n\n\n<p>Mientras tanto, miles de familias viven dramas y tragedias de alto impacto y el presidente sigue aferrado a sus ideas.<\/p>\n\n\n\n<p>\u00bfQui\u00e9n asume la responsabilidad por esas vidas?<\/p>\n\n\n\n<p>\u00bfUN GOBIERNO AHORRATIVO?<\/p>\n\n\n\n<p>El Congreso de la Ciudad de M\u00e9xico aprob\u00f3 la reforma electoral propuesta por MORENA para obligar al Instituto Electoral de la Ciudad de M\u00e9xico a ahorrar 50 millones de pesos. En realidad, MORENA impuso su m\u00fasculo legislativo para lograr este objetivo que se alinea con la instrucci\u00f3n presidencial de controlar a los institutos electorales del pa\u00eds.<\/p>\n\n\n\n<p>Nadie hubiese imaginado antes del 2018 que un movimiento que se autodefin\u00eda como humanista y comprometido con las causas sociales, tuviese esta vocaci\u00f3n ahorrativa propia de gobiernos con mucho perfil de administraci\u00f3n p\u00fablica y poca vocaci\u00f3n pol\u00edtica, como supuestamente fueron los gobiernos neoliberales.<\/p>\n\n\n\n<p>Sin embargo, lo que \u00faltimamente vemos es que este gobierno de la 4T ahorra en M\u00e9xico ahorcando programas y fideicomisos de alto valor social, para termina regal\u00e1ndolo y dilapid\u00e1ndolo en sus compromisos con sus gobiernos amigos.<\/p>\n\n\n\n<p>Lo que va a costar el salario de cada m\u00e9dico cubano, -de quienes no conocemos sus competencias profesionales, ni su experiencia y conocimientos-, representa de dos a tres veces lo que gana actualmente un m\u00e9dico mexicano del sector salud.<\/p>\n\n\n\n<p>Lo que empieza a quedar claro es que la vocaci\u00f3n pichicatera que hoy exhibe MORENA en realidad no es mas que una estrategia para acomodar las condiciones operativas de los organismos estrat\u00e9gicos, -as\u00ed como de las dependencias gubernamentales-, para asegurarse el control absoluto, actual y futuro, de ellos. El manejo presupuestal termina impactando la estructura organizacional de dependencias y organismos, as\u00ed como la n\u00f3mina.<\/p>\n\n\n\n<p>La manipulaci\u00f3n presupuestal no lleva el objetivo de ahorrar para hacer rendir m\u00e1s el dinero en beneficio de los mexicanos, -sino tener dinero para el control pol\u00edtico del pa\u00eds-, redistribuy\u00e9ndolo y reorient\u00e1ndolo discrecionalmente hacia donde le es m\u00e1s rentable pol\u00edticamente.<\/p>\n\n\n\n<p>\u00bfA usted qu\u00e9 le parece?<\/p>\n\n\n\n<p>Facebook: @Ricardo.Homs1<\/p>\n\n\n\n<p>Twitter: @homsricardo<\/p>\n\n\n\n<p>Linkedin: Ricardo Homs<\/p>\n\n\n\n<p>www.ricardohoms.com<\/p>\n","protected":false},"excerpt":{"rendered":"<p>Ricardo Homs Las ma\u00f1aneras se han convertido en el tribunal donde se descalifica y se destruyen reputaciones. Sin embargo, tambi\u00e9n se exonera a figuras impresentables, a las cuales se les da un aval presidencial que tiene el valor de una patente de corso, -para seguir abusando del cargo-, ya que este garantiza impunidad por lo [&hellip;]<\/p>\n","protected":false},"author":18,"featured_media":54481,"comment_status":"open","ping_status":"open","sticky":false,"template":"","format":"standard","meta":{"_monsterinsights_skip_tracking":false,"_monsterinsights_sitenote_active":false,"_monsterinsights_sitenote_note":"","_monsterinsights_sitenote_category":0,"footnotes":""},"categories":[246],"tags":[173],"class_list":["post-57198","post","type-post","status-publish","format-standard","has-post-thumbnail","hentry","category-ricardo-homs","tag-ricardo-homs","wp-image-borders"],"amp_enabled":true,"_links":{"self":[{"href":"https:\/\/nvnoticias.mx\/index.php\/wp-json\/wp\/v2\/posts\/57198","targetHints":{"allow":["GET"]}}],"collection":[{"href":"https:\/\/nvnoticias.mx\/index.php\/wp-json\/wp\/v2\/posts"}],"about":[{"href":"https:\/\/nvnoticias.mx\/index.php\/wp-json\/wp\/v2\/types\/post"}],"author":[{"embeddable":true,"href":"https:\/\/nvnoticias.mx\/index.php\/wp-json\/wp\/v2\/users\/18"}],"replies":[{"embeddable":true,"href":"https:\/\/nvnoticias.mx\/index.php\/wp-json\/wp\/v2\/comments?post=57198"}],"version-history":[{"count":1,"href":"https:\/\/nvnoticias.mx\/index.php\/wp-json\/wp\/v2\/posts\/57198\/revisions"}],"predecessor-version":[{"id":57199,"href":"https:\/\/nvnoticias.mx\/index.php\/wp-json\/wp\/v2\/posts\/57198\/revisions\/57199"}],"wp:featuredmedia":[{"embeddable":true,"href":"https:\/\/nvnoticias.mx\/index.php\/wp-json\/wp\/v2\/media\/54481"}],"wp:attachment":[{"href":"https:\/\/nvnoticias.mx\/index.php\/wp-json\/wp\/v2\/media?parent=57198"}],"wp:term":[{"taxonomy":"category","embeddable":true,"href":"https:\/\/nvnoticias.mx\/index.php\/wp-json\/wp\/v2\/categories?post=57198"},{"taxonomy":"post_tag","embeddable":true,"href":"https:\/\/nvnoticias.mx\/index.php\/wp-json\/wp\/v2\/tags?post=57198"}],"curies":[{"name":"wp","href":"https:\/\/api.w.org\/{rel}","templated":true}]}}