{"id":57160,"date":"2022-05-30T13:40:08","date_gmt":"2022-05-30T18:40:08","guid":{"rendered":"https:\/\/nvnoticias.mx\/?p=57160"},"modified":"2022-05-30T13:40:09","modified_gmt":"2022-05-30T18:40:09","slug":"no-hay-reportes-de-viruela-del-mono-en-edomex-estamos-blindados-ernesto-nemer","status":"publish","type":"post","link":"https:\/\/nvnoticias.mx\/index.php\/2022\/05\/30\/no-hay-reportes-de-viruela-del-mono-en-edomex-estamos-blindados-ernesto-nemer\/","title":{"rendered":"No hay reportes de viruela del mono en Edomex estamos blindados: Ernesto Nemer"},"content":{"rendered":"\n<p>Afortunadamente en el Estado de M\u00e9xico no se ha presentado un solo caso de la\u00a0<strong>viruela del mono,<\/strong>\u00a0\u201cpero\u00a0<strong>estamos listos y blindados<\/strong>\u201d para responder a esta enfermedad, afirm\u00f3 el secretario de Gobierno, Ernesto Nemer \u00c1lvarez en conferencia de prensa realizada este medio d\u00eda.<\/p>\n\n\n\n<p>Esto luego de que Hugo L\u00f3pez Gatell,\u00a0 subsecretario de\u00a0 Prevenci\u00f3n y Promoci\u00f3n a la Salud del Gobierno federal confirm\u00f3 el pasado s\u00e1bado 28 de mayo \u201cel primer caso importado de<strong>\u00a0viruela s\u00edmica en M\u00e9xico\u201d<\/strong>.\u00a0<\/p>\n\n\n\n<p>Se trata de un hombre de 50 a\u00f1os de edad, residente permanente en la ciudad de Nueva York, quien probablemente se contagi\u00f3 en Holanda y que es atendido en la Ciudad de M\u00e9xico.<\/p>\n\n\n\n<p>En el Estado de M\u00e9xico, entidad que rodea a la CDMX, &nbsp; la&nbsp; secretar\u00eda de&nbsp; Salud&nbsp; y el secretario estatal Francisco Fern\u00e1ndez Clamont, establecieron un protocolo de atenci\u00f3n con&nbsp; autoridades federales y municipales, indic\u00f3 Nemer Alvarez.<\/p>\n\n\n\n<p>Hasta este lunes 30 de mayo \u201cafortunadamente en el Estado de M\u00e9xico no se ha presentado un solo\u00a0<strong>caso de la viruela del Mono<\/strong>, pero\u00a0 estamos listos y blindados\u201d, asegur\u00f3 el secretario general de Gobierno mexiquense.<\/p>\n\n\n\n<p>Fuente:<a href=\"https:\/\/www.eluniversal.com.mx\/metropoli\/no-hay-reportes-de-viruela-del-mono-en-edomex-estamos-blindados-ernesto-nemer\" data-type=\"URL\" data-id=\"https:\/\/www.eluniversal.com.mx\/metropoli\/no-hay-reportes-de-viruela-del-mono-en-edomex-estamos-blindados-ernesto-nemer\"> El Universal <\/a><\/p>\n","protected":false},"excerpt":{"rendered":"<p>Afortunadamente en el Estado de M\u00e9xico no se ha presentado un solo caso de la\u00a0viruela del mono,\u00a0\u201cpero\u00a0estamos listos y blindados\u201d para responder a esta enfermedad, afirm\u00f3 el secretario de Gobierno, Ernesto Nemer \u00c1lvarez en conferencia de prensa realizada este medio d\u00eda. Esto luego de que Hugo L\u00f3pez Gatell,\u00a0 subsecretario de\u00a0 Prevenci\u00f3n y Promoci\u00f3n a la [&hellip;]<\/p>\n","protected":false},"author":35,"featured_media":55316,"comment_status":"open","ping_status":"open","sticky":false,"template":"","format":"standard","meta":{"_monsterinsights_skip_tracking":false,"_monsterinsights_sitenote_active":false,"_monsterinsights_sitenote_note":"","_monsterinsights_sitenote_category":0,"footnotes":""},"categories":[157],"tags":[15422,2376,15423,8527,14982],"class_list":["post-57160","post","type-post","status-publish","format-standard","has-post-thumbnail","hentry","category-nacional","tag-blindados","tag-edomex","tag-ernesto-nemer","tag-reporte","tag-viruela-del-mono","wp-image-borders"],"amp_enabled":true,"_links":{"self":[{"href":"https:\/\/nvnoticias.mx\/index.php\/wp-json\/wp\/v2\/posts\/57160","targetHints":{"allow":["GET"]}}],"collection":[{"href":"https:\/\/nvnoticias.mx\/index.php\/wp-json\/wp\/v2\/posts"}],"about":[{"href":"https:\/\/nvnoticias.mx\/index.php\/wp-json\/wp\/v2\/types\/post"}],"author":[{"embeddable":true,"href":"https:\/\/nvnoticias.mx\/index.php\/wp-json\/wp\/v2\/users\/35"}],"replies":[{"embeddable":true,"href":"https:\/\/nvnoticias.mx\/index.php\/wp-json\/wp\/v2\/comments?post=57160"}],"version-history":[{"count":1,"href":"https:\/\/nvnoticias.mx\/index.php\/wp-json\/wp\/v2\/posts\/57160\/revisions"}],"predecessor-version":[{"id":57162,"href":"https:\/\/nvnoticias.mx\/index.php\/wp-json\/wp\/v2\/posts\/57160\/revisions\/57162"}],"wp:featuredmedia":[{"embeddable":true,"href":"https:\/\/nvnoticias.mx\/index.php\/wp-json\/wp\/v2\/media\/55316"}],"wp:attachment":[{"href":"https:\/\/nvnoticias.mx\/index.php\/wp-json\/wp\/v2\/media?parent=57160"}],"wp:term":[{"taxonomy":"category","embeddable":true,"href":"https:\/\/nvnoticias.mx\/index.php\/wp-json\/wp\/v2\/categories?post=57160"},{"taxonomy":"post_tag","embeddable":true,"href":"https:\/\/nvnoticias.mx\/index.php\/wp-json\/wp\/v2\/tags?post=57160"}],"curies":[{"name":"wp","href":"https:\/\/api.w.org\/{rel}","templated":true}]}}