{"id":57005,"date":"2022-05-29T13:51:34","date_gmt":"2022-05-29T18:51:34","guid":{"rendered":"https:\/\/nvnoticias.mx\/?p=57005"},"modified":"2022-05-29T13:51:36","modified_gmt":"2022-05-29T18:51:36","slug":"mi-hermana-era-parte-de-esa-lucha-y-esa-lucha-continua-y-transciende-helena-monzon","status":"publish","type":"post","link":"https:\/\/nvnoticias.mx\/index.php\/2022\/05\/29\/mi-hermana-era-parte-de-esa-lucha-y-esa-lucha-continua-y-transciende-helena-monzon\/","title":{"rendered":"Mi hermana era parte de esa lucha y esa lucha contin\u00faa y transciende: Helena Monz\u00f3n"},"content":{"rendered":"\n<p>A una semana del asesinato de Cecilia Monz\u00f3n, integrantes del colectivo Madres Contra la Violencia Vicaria, as\u00ed como amigos y familiares de la activista, colocaron una ofrenda con veladoras y flores en el lugar donde perdi\u00f3 la vida: calle Camino Real a Santiago Momoxpan, San Pedro Cholula. <\/p>\n\n\n\n<p>Helena Monz\u00f3n, hermana de Cecilia, declar\u00f3 que ella es un &#8220;legado&#8221;, agregando que espera que la Fiscal\u00eda General del Estado detenga a los responsables del feminicidio de su hermana.<\/p>\n\n\n\n<blockquote class=\"wp-block-quote is-layout-flow wp-block-quote-is-layout-flow\"><p> &#8220;Mi hermana era parte de esa lucha contin\u00faa y trasciende y seguir\u00e1 porque Cecilia es un legado ahora nos toca encontrar a los culpables pero esa lucha continuar\u00e1 por y para las mujeres&#8221;, expres\u00f3. <\/p><\/blockquote>\n\n\n\n<p>Familiares agradecieron a las amigas de Cecilia por la ofrenda y protesta para pedir justicia por la muerte de la activista. <\/p>\n\n\n\n<p>Fuente: <a href=\"https:\/\/www.milenio.com\/politica\/comunidad\/colocan-ofrenda-a-cecilia-monzon-en-puebla\" data-type=\"URL\" data-id=\"https:\/\/www.milenio.com\/politica\/comunidad\/colocan-ofrenda-a-cecilia-monzon-en-puebla\">Milenio<\/a><\/p>\n","protected":false},"excerpt":{"rendered":"<p>A una semana del asesinato de Cecilia Monz\u00f3n, integrantes del colectivo Madres Contra la Violencia Vicaria, as\u00ed como amigos y familiares de la activista, colocaron una ofrenda con veladoras y flores en el lugar donde perdi\u00f3 la vida: calle Camino Real a Santiago Momoxpan, San Pedro Cholula. Helena Monz\u00f3n, hermana de Cecilia, declar\u00f3 que ella [&hellip;]<\/p>\n","protected":false},"author":35,"featured_media":55824,"comment_status":"open","ping_status":"open","sticky":false,"template":"","format":"standard","meta":{"_monsterinsights_skip_tracking":false,"_monsterinsights_sitenote_active":false,"_monsterinsights_sitenote_note":"","_monsterinsights_sitenote_category":0,"footnotes":""},"categories":[157],"tags":[15109,15378],"class_list":["post-57005","post","type-post","status-publish","format-standard","has-post-thumbnail","hentry","category-nacional","tag-cecilia-monzon","tag-helena-monzon","wp-image-borders"],"amp_enabled":true,"_links":{"self":[{"href":"https:\/\/nvnoticias.mx\/index.php\/wp-json\/wp\/v2\/posts\/57005","targetHints":{"allow":["GET"]}}],"collection":[{"href":"https:\/\/nvnoticias.mx\/index.php\/wp-json\/wp\/v2\/posts"}],"about":[{"href":"https:\/\/nvnoticias.mx\/index.php\/wp-json\/wp\/v2\/types\/post"}],"author":[{"embeddable":true,"href":"https:\/\/nvnoticias.mx\/index.php\/wp-json\/wp\/v2\/users\/35"}],"replies":[{"embeddable":true,"href":"https:\/\/nvnoticias.mx\/index.php\/wp-json\/wp\/v2\/comments?post=57005"}],"version-history":[{"count":1,"href":"https:\/\/nvnoticias.mx\/index.php\/wp-json\/wp\/v2\/posts\/57005\/revisions"}],"predecessor-version":[{"id":57006,"href":"https:\/\/nvnoticias.mx\/index.php\/wp-json\/wp\/v2\/posts\/57005\/revisions\/57006"}],"wp:featuredmedia":[{"embeddable":true,"href":"https:\/\/nvnoticias.mx\/index.php\/wp-json\/wp\/v2\/media\/55824"}],"wp:attachment":[{"href":"https:\/\/nvnoticias.mx\/index.php\/wp-json\/wp\/v2\/media?parent=57005"}],"wp:term":[{"taxonomy":"category","embeddable":true,"href":"https:\/\/nvnoticias.mx\/index.php\/wp-json\/wp\/v2\/categories?post=57005"},{"taxonomy":"post_tag","embeddable":true,"href":"https:\/\/nvnoticias.mx\/index.php\/wp-json\/wp\/v2\/tags?post=57005"}],"curies":[{"name":"wp","href":"https:\/\/api.w.org\/{rel}","templated":true}]}}