{"id":569,"date":"2021-01-06T14:09:49","date_gmt":"2021-01-06T20:09:49","guid":{"rendered":"https:\/\/nvnoticias.mx\/?p=569"},"modified":"2021-01-06T14:09:51","modified_gmt":"2021-01-06T20:09:51","slug":"presume-cuitlahuac-garcia-disminucion-en-homicidios","status":"publish","type":"post","link":"https:\/\/nvnoticias.mx\/index.php\/2021\/01\/06\/presume-cuitlahuac-garcia-disminucion-en-homicidios\/","title":{"rendered":"Presume Cuitl\u00e1huac Garc\u00eda disminuci\u00f3n en homicidios"},"content":{"rendered":"\n<p><strong>Sam Ojeda \/ NV Noticias<\/strong><\/p>\n\n\n\n<p>Xalapa.- El gobernador de Veracruz, Cuitl\u00e1huac Garc\u00eda Jim\u00e9nez, presumi\u00f3 que este 5 de enero en la entidad \u00fanicamente se registraron dos homicidios, a pesar del violento inicio de a\u00f1o con homicidios en diversas partes de la entidad.<\/p>\n\n\n\n<p>Dijo que en la conferencia del presidente Andr\u00e9s Manuel L\u00f3pez Obrador se inform\u00f3 que la entidad \u201caparece con un descenso notable\u201d de este delito.<\/p>\n\n\n\n<blockquote class=\"wp-block-quote is-layout-flow wp-block-quote-is-layout-flow\"><p>\u201cHoy en la conferencia ma\u00f1anera del Presidente se hizo el recuento de homicidios dolosos entre la ma\u00f1ana de ayer y la madrugada de hoy sucedidos a nivel nacional, en la que Veracruz ya aparece con un descenso notable en la comisi\u00f3n de este delito\u201d, escribi\u00f3 en un mensaje en sus redes sociales.<\/p><\/blockquote>\n\n\n\n<p>A nivel nacional se report\u00f3 que el 5 de enero se registraron 79 homicidios en el pa\u00eds, de los cuales dos ocurrieron en Veracruz.<\/p>\n\n\n\n<blockquote class=\"wp-block-quote is-layout-flow wp-block-quote-is-layout-flow\"><p>\u201cCon la gr\u00e1fica que se mostr\u00f3 hoy en la ma\u00f1anera se da un claro indicativo de que la estrategia m\u00e1s funcional es operar coordinadamente en las Mesas para la Construcci\u00f3n de la Paz, donde participa el delegado federal de las acciones del bienestar, que ha implementado el Presidente de la Rep\u00fablica en todos los estados\u201d.<\/p><\/blockquote>\n\n\n\n<figure class=\"wp-block-image size-large\"><img loading=\"lazy\" decoding=\"async\" width=\"720\" height=\"405\" src=\"https:\/\/nvnoticias.mx\/wp-content\/uploads\/2021\/01\/grafica.jpg\" alt=\"\" class=\"wp-image-570\" srcset=\"https:\/\/nvnoticias.mx\/wp-content\/uploads\/2021\/01\/grafica.jpg 720w, https:\/\/nvnoticias.mx\/wp-content\/uploads\/2021\/01\/grafica-300x169.jpg 300w, https:\/\/nvnoticias.mx\/wp-content\/uploads\/2021\/01\/grafica-600x337.jpg 600w\" sizes=\"auto, (max-width: 720px) 100vw, 720px\" \/><\/figure>\n\n\n\n<p>El mandatario critic\u00f3 que los estados gobernados por la \u201cAlianza Federalista\u201d acumulan el 47 por ciento de los homicidios registrados ese d\u00eda.\u00a0<\/p>\n\n\n\n<blockquote class=\"wp-block-quote is-layout-flow wp-block-quote-is-layout-flow\"><p>\u201cEn esta incidencia del d\u00eda llama la atenci\u00f3n que gobiernos como el de Guanajuato (15), Michoac\u00e1n (10), Jalisco (5), Nuevo Le\u00f3n (3), Tamaulipas (2), Chihuahua (1), Colima (1), miembros de la autollamada \u201cAlianza Federalista\u201d acumulan el 47% de este delito del fuero com\u00fan (competencia estatal) en las \u00faltimas 24 horas\u201d.<\/p><\/blockquote>\n\n\n\n<p>En otro tema, asegur\u00f3 que la Fiscal\u00eda General de Veracruz intensific\u00f3 la b\u00fasqueda de Samara Arroyo Lemarroy, nutri\u00f3loga del Instituto Mexicano del Seguro Social (IMSS) desaparecida desde el pasado 23 de diciembre.<\/p>\n","protected":false},"excerpt":{"rendered":"<p>Sam Ojeda \/ NV Noticias Xalapa.- El gobernador de Veracruz, Cuitl\u00e1huac Garc\u00eda Jim\u00e9nez, presumi\u00f3 que este 5 de enero en la entidad \u00fanicamente se registraron dos homicidios, a pesar del violento inicio de a\u00f1o con homicidios en diversas partes de la entidad. Dijo que en la conferencia del presidente Andr\u00e9s Manuel L\u00f3pez Obrador se inform\u00f3 [&hellip;]<\/p>\n","protected":false},"author":6,"featured_media":571,"comment_status":"open","ping_status":"open","sticky":false,"template":"","format":"standard","meta":{"_monsterinsights_skip_tracking":false,"_monsterinsights_sitenote_active":false,"_monsterinsights_sitenote_note":"","_monsterinsights_sitenote_category":0,"footnotes":""},"categories":[156],"tags":[214,215,180],"class_list":["post-569","post","type-post","status-publish","format-standard","has-post-thumbnail","hentry","category-estado","tag-cuitlahuac","tag-homicidios","tag-veracruz","wp-image-borders"],"amp_enabled":true,"_links":{"self":[{"href":"https:\/\/nvnoticias.mx\/index.php\/wp-json\/wp\/v2\/posts\/569","targetHints":{"allow":["GET"]}}],"collection":[{"href":"https:\/\/nvnoticias.mx\/index.php\/wp-json\/wp\/v2\/posts"}],"about":[{"href":"https:\/\/nvnoticias.mx\/index.php\/wp-json\/wp\/v2\/types\/post"}],"author":[{"embeddable":true,"href":"https:\/\/nvnoticias.mx\/index.php\/wp-json\/wp\/v2\/users\/6"}],"replies":[{"embeddable":true,"href":"https:\/\/nvnoticias.mx\/index.php\/wp-json\/wp\/v2\/comments?post=569"}],"version-history":[{"count":1,"href":"https:\/\/nvnoticias.mx\/index.php\/wp-json\/wp\/v2\/posts\/569\/revisions"}],"predecessor-version":[{"id":572,"href":"https:\/\/nvnoticias.mx\/index.php\/wp-json\/wp\/v2\/posts\/569\/revisions\/572"}],"wp:featuredmedia":[{"embeddable":true,"href":"https:\/\/nvnoticias.mx\/index.php\/wp-json\/wp\/v2\/media\/571"}],"wp:attachment":[{"href":"https:\/\/nvnoticias.mx\/index.php\/wp-json\/wp\/v2\/media?parent=569"}],"wp:term":[{"taxonomy":"category","embeddable":true,"href":"https:\/\/nvnoticias.mx\/index.php\/wp-json\/wp\/v2\/categories?post=569"},{"taxonomy":"post_tag","embeddable":true,"href":"https:\/\/nvnoticias.mx\/index.php\/wp-json\/wp\/v2\/tags?post=569"}],"curies":[{"name":"wp","href":"https:\/\/api.w.org\/{rel}","templated":true}]}}