{"id":5683,"date":"2021-02-24T15:51:43","date_gmt":"2021-02-24T21:51:43","guid":{"rendered":"https:\/\/nvnoticias.mx\/?p=5683"},"modified":"2021-02-24T15:51:43","modified_gmt":"2021-02-24T21:51:43","slug":"realizan-funerales-de-victimas-de-accidente-aereo-de-el-lencero","status":"publish","type":"post","link":"https:\/\/nvnoticias.mx\/index.php\/2021\/02\/24\/realizan-funerales-de-victimas-de-accidente-aereo-de-el-lencero\/","title":{"rendered":"Realizan funerales de v\u00edctimas de accidente a\u00e9reo de El Lencero"},"content":{"rendered":"\n<p><strong>Jes\u00fas Utrilla \/ NV Noticias<\/strong><\/p>\n\n\n\n<p>Veracruz.- Se realizaron los funerales del Mayor M\u00e9dico Militar, Gumaro Acosta Pe\u00f1a, quien fue una de las v\u00edctimas del accidente a\u00e9reo en las inmediaciones de El Lencero.<\/p>\n\n\n\n<p>A las afueras de una de las funerarias reconocidas del puerto de Veracruz, mandos y personal de la Secretar\u00eda de la Defensa Nacional, realizaron un homenaje luctuoso al m\u00e9dico militar, quien perdiera la vida el domingo pasado junto con otros cinco elementos militares en el accidente a\u00e9reo.<\/p>\n\n\n\n<p>Con el protocolo sanitario, elementos del Ej\u00e9rcito Mexicano y familiares de la v\u00edctima, despidieron al m\u00e9dico originario de la ciudad de Veracruz.<\/p>\n\n\n\n<p>En el lugar, la viuda del m\u00e9dico militar recibi\u00f3 la bandera nacional en reconocimiento por haber cumplido con su deber.<\/p>\n\n\n\n<p>El mayor de 40 a\u00f1os de edad ten\u00eda 23 a\u00f1os de servicio y pertenec\u00eda al grupo de m\u00e9dicos comisionados durante la actual pandemia por Covid-19.<\/p>\n\n\n\n<p>La ma\u00f1ana del domingo 21 de febrero seis elementos del Ej\u00e9rcito murieron al desplomarse la aeronave Learjet 45 matr\u00edcula 3912 de la Fuerza A\u00e9rea Mexicana, al despegar del Aeropuerto Nacional \u201cEl Lencero\u201d.<\/p>\n","protected":false},"excerpt":{"rendered":"<p>Jes\u00fas Utrilla \/ NV Noticias Veracruz.- Se realizaron los funerales del Mayor M\u00e9dico Militar, Gumaro Acosta Pe\u00f1a, quien fue una de las v\u00edctimas del accidente a\u00e9reo en las inmediaciones de El Lencero. A las afueras de una de las funerarias reconocidas del puerto de Veracruz, mandos y personal de la Secretar\u00eda de la Defensa Nacional, [&hellip;]<\/p>\n","protected":false},"author":6,"featured_media":5686,"comment_status":"open","ping_status":"open","sticky":false,"template":"","format":"standard","meta":{"_monsterinsights_skip_tracking":false,"_monsterinsights_sitenote_active":false,"_monsterinsights_sitenote_note":"","_monsterinsights_sitenote_category":0,"footnotes":""},"categories":[154],"tags":[1550,1722,1721],"class_list":["post-5683","post","type-post","status-publish","format-standard","has-post-thumbnail","hentry","category-veracruz","tag-accidente","tag-aereo","tag-funeral","wp-image-borders"],"amp_enabled":true,"_links":{"self":[{"href":"https:\/\/nvnoticias.mx\/index.php\/wp-json\/wp\/v2\/posts\/5683","targetHints":{"allow":["GET"]}}],"collection":[{"href":"https:\/\/nvnoticias.mx\/index.php\/wp-json\/wp\/v2\/posts"}],"about":[{"href":"https:\/\/nvnoticias.mx\/index.php\/wp-json\/wp\/v2\/types\/post"}],"author":[{"embeddable":true,"href":"https:\/\/nvnoticias.mx\/index.php\/wp-json\/wp\/v2\/users\/6"}],"replies":[{"embeddable":true,"href":"https:\/\/nvnoticias.mx\/index.php\/wp-json\/wp\/v2\/comments?post=5683"}],"version-history":[{"count":1,"href":"https:\/\/nvnoticias.mx\/index.php\/wp-json\/wp\/v2\/posts\/5683\/revisions"}],"predecessor-version":[{"id":5692,"href":"https:\/\/nvnoticias.mx\/index.php\/wp-json\/wp\/v2\/posts\/5683\/revisions\/5692"}],"wp:featuredmedia":[{"embeddable":true,"href":"https:\/\/nvnoticias.mx\/index.php\/wp-json\/wp\/v2\/media\/5686"}],"wp:attachment":[{"href":"https:\/\/nvnoticias.mx\/index.php\/wp-json\/wp\/v2\/media?parent=5683"}],"wp:term":[{"taxonomy":"category","embeddable":true,"href":"https:\/\/nvnoticias.mx\/index.php\/wp-json\/wp\/v2\/categories?post=5683"},{"taxonomy":"post_tag","embeddable":true,"href":"https:\/\/nvnoticias.mx\/index.php\/wp-json\/wp\/v2\/tags?post=5683"}],"curies":[{"name":"wp","href":"https:\/\/api.w.org\/{rel}","templated":true}]}}