{"id":56815,"date":"2022-05-27T17:45:13","date_gmt":"2022-05-27T22:45:13","guid":{"rendered":"https:\/\/nvnoticias.mx\/?p=56815"},"modified":"2022-05-27T17:45:14","modified_gmt":"2022-05-27T22:45:14","slug":"camara-de-diputados-se-deslinda-de-uso-de-vehiculos-en-campanas","status":"publish","type":"post","link":"https:\/\/nvnoticias.mx\/index.php\/2022\/05\/27\/camara-de-diputados-se-deslinda-de-uso-de-vehiculos-en-campanas\/","title":{"rendered":"C\u00e1mara de Diputados se deslinda de uso de veh\u00edculos en campa\u00f1as"},"content":{"rendered":"\n<p>La\u00a0C\u00e1mara de Diputados\u00a0aclar\u00f3 que los\u00a0veh\u00edculos\u00a0de su propiedad son asignados para uso oficial de labores administrativas y legislativas y su uso es responsabilidad de quien los tenga asignados previa solicitud oficial.<\/p>\n\n\n\n<p>Esto, luego de que el\u00a0PAN\u00a0acus\u00f3 la utilizaci\u00f3n de veh\u00edculos propiedad de la C\u00e1mara de Diputados en la\u00a0campa\u00f1a\u00a0en\u00a0Tamaulipas.<\/p>\n\n\n\n<figure class=\"wp-block-embed is-type-rich is-provider-twitter wp-block-embed-twitter\"><div class=\"wp-block-embed__wrapper\">\n<blockquote class=\"twitter-tweet\" data-width=\"550\" data-dnt=\"true\"><p lang=\"es\" dir=\"ltr\">Es inaceptable que Morena utilice recursos p\u00fablicos y en esta ocasi\u00f3n recursos de la <a href=\"https:\/\/twitter.com\/Mx_Diputados?ref_src=twsrc%5Etfw\">@Mx_Diputados<\/a> para su campa\u00f1a en Tamaulipas. <br><br>El Congreso de la Uni\u00f3n no puede ni debe estar a la disposici\u00f3n del partido en el poder.<\/p>&mdash; Jorge Romero Herrera (@JorgeRoHe) <a href=\"https:\/\/twitter.com\/JorgeRoHe\/status\/1530240488888213506?ref_src=twsrc%5Etfw\">May 27, 2022<\/a><\/blockquote><script async src=\"https:\/\/platform.twitter.com\/widgets.js\" charset=\"utf-8\"><\/script>\n<\/div><\/figure>\n\n\n\n<p>En un comunicado, detall\u00f3 que los\u00a0veh\u00edculos\u00a0utilitarios destinados al uso oficial son proporcionados a solicitud expresa de los \u00d3rganos de Gobierno, grupos parlamentarios y legisladores.<\/p>\n\n\n\n<blockquote class=\"wp-block-quote is-layout-flow wp-block-quote-is-layout-flow\"><p>\u201c<em>Derivado de lo anterior, este \u00d3rgano Legislativo se deslinda de cualquier uso indebido que se pueda dar al parque vehicular y reitera que es responsabilidad de cada solicitante la operaci\u00f3n que se haga del mismo<\/em>\u201d, se\u00f1al\u00f3 la C\u00e1mara de Diputados.<\/p><\/blockquote>\n\n\n\n<p>Adem\u00e1s, precisa que \u201cquien tiene bajo su uso estos\u00a0veh\u00edculos\u00a0est\u00e1 obligado a cumplir con la normatividad de tr\u00e1nsito vigente y cubrir cualquier multa o pago en el que se incurra por faltar a la misma, de acuerdo con la Normatividad Administrativa de la\u00a0C\u00e1mara de Diputados\u00a0, Cap\u00edtulo V de las Responsabilidades y Prohibiciones a los Usuarios del Parque Vehicular, art\u00edculos 25 y 28&#8243;.<\/p>\n\n\n\n<p>Fuente: <a href=\"https:\/\/www.tvazteca.com\/aztecanoticias\/camara-de-diputados-vehiculos-campanas-tamaulipas-nr\">Azteca Noticias<\/a><\/p>\n","protected":false},"excerpt":{"rendered":"<p>La\u00a0C\u00e1mara de Diputados\u00a0aclar\u00f3 que los\u00a0veh\u00edculos\u00a0de su propiedad son asignados para uso oficial de labores administrativas y legislativas y su uso es responsabilidad de quien los tenga asignados previa solicitud oficial. Esto, luego de que el\u00a0PAN\u00a0acus\u00f3 la utilizaci\u00f3n de veh\u00edculos propiedad de la C\u00e1mara de Diputados en la\u00a0campa\u00f1a\u00a0en\u00a0Tamaulipas. En un comunicado, detall\u00f3 que los\u00a0veh\u00edculos\u00a0utilitarios destinados al [&hellip;]<\/p>\n","protected":false},"author":8,"featured_media":56816,"comment_status":"open","ping_status":"open","sticky":false,"template":"","format":"standard","meta":{"_monsterinsights_skip_tracking":false,"_monsterinsights_sitenote_active":false,"_monsterinsights_sitenote_note":"","_monsterinsights_sitenote_category":0,"footnotes":""},"categories":[158],"tags":[1555,2729,4793],"class_list":["post-56815","post","type-post","status-publish","format-standard","has-post-thumbnail","hentry","category-politica","tag-camara-de-diputados","tag-campanas","tag-vehiculos","wp-image-borders"],"amp_enabled":true,"_links":{"self":[{"href":"https:\/\/nvnoticias.mx\/index.php\/wp-json\/wp\/v2\/posts\/56815","targetHints":{"allow":["GET"]}}],"collection":[{"href":"https:\/\/nvnoticias.mx\/index.php\/wp-json\/wp\/v2\/posts"}],"about":[{"href":"https:\/\/nvnoticias.mx\/index.php\/wp-json\/wp\/v2\/types\/post"}],"author":[{"embeddable":true,"href":"https:\/\/nvnoticias.mx\/index.php\/wp-json\/wp\/v2\/users\/8"}],"replies":[{"embeddable":true,"href":"https:\/\/nvnoticias.mx\/index.php\/wp-json\/wp\/v2\/comments?post=56815"}],"version-history":[{"count":1,"href":"https:\/\/nvnoticias.mx\/index.php\/wp-json\/wp\/v2\/posts\/56815\/revisions"}],"predecessor-version":[{"id":56817,"href":"https:\/\/nvnoticias.mx\/index.php\/wp-json\/wp\/v2\/posts\/56815\/revisions\/56817"}],"wp:featuredmedia":[{"embeddable":true,"href":"https:\/\/nvnoticias.mx\/index.php\/wp-json\/wp\/v2\/media\/56816"}],"wp:attachment":[{"href":"https:\/\/nvnoticias.mx\/index.php\/wp-json\/wp\/v2\/media?parent=56815"}],"wp:term":[{"taxonomy":"category","embeddable":true,"href":"https:\/\/nvnoticias.mx\/index.php\/wp-json\/wp\/v2\/categories?post=56815"},{"taxonomy":"post_tag","embeddable":true,"href":"https:\/\/nvnoticias.mx\/index.php\/wp-json\/wp\/v2\/tags?post=56815"}],"curies":[{"name":"wp","href":"https:\/\/api.w.org\/{rel}","templated":true}]}}