{"id":56794,"date":"2022-05-27T13:50:22","date_gmt":"2022-05-27T18:50:22","guid":{"rendered":"https:\/\/nvnoticias.mx\/?p=56794"},"modified":"2022-05-27T13:50:24","modified_gmt":"2022-05-27T18:50:24","slug":"propone-pri-dar-pension-de-adultos-mayores-a-los-60-anos","status":"publish","type":"post","link":"https:\/\/nvnoticias.mx\/index.php\/2022\/05\/27\/propone-pri-dar-pension-de-adultos-mayores-a-los-60-anos\/","title":{"rendered":"Propone PRI dar pensi\u00f3n de adultos mayores a los 60 a\u00f1os"},"content":{"rendered":"\n<p>Diputados federales del PRI propusieron que la pensi\u00f3n de adultos mayores se otorgue a partir de los 60 a\u00f1os. <\/p>\n\n\n\n<p>Al presentar el proyecto, los diputados Marco Antonio Mendoza, Johana Montcerrat Hern\u00e1ndez, Sayonara Vargas, Norma Aceves y Victoria Eugenia M\u00e9ndez explicaron que los cambios beneficiar\u00edan al sistema de pensiones no contributivas, creado hace 20 a\u00f1os en M\u00e9xico, el cual avanz\u00f3 de manera gradual en su implementaci\u00f3n. <\/p>\n\n\n\n<p>Se explic\u00f3 que, en 2007, el gobierno federal dise\u00f1\u00f3 la Pensi\u00f3n para Adultos Mayores de 70 a\u00f1os y m\u00e1s, con el fin de atender a esta poblaci\u00f3n y mejorar su situaci\u00f3n de vida; en 2014, el programa cont\u00f3 con una partida del Presupuesto de Egresos, la edad de la poblaci\u00f3n beneficiaria se redujo a 65 a\u00f1os y se elev\u00f3 el monto de la transferencia. <\/p>\n\n\n\n<p>En ese sentido, en 2019 este programa fue modificado por segunda ocasi\u00f3n para reducir la tasa de personas que no contaban con apoyos para retirarse. <\/p>\n\n\n\n<p>Sin embargo, las metas no han seguido la ruta correcta, porque en 2020 el partido en el poder modific\u00f3 el art\u00edculo 4 constitucional para obligar al Estado a entregar estos apoyos. Se\u00f1alaron que este apoyo a la poblaci\u00f3n adulta adem\u00e1s ha encarado retos como el de la pandemia del covid-19, que en los primeros meses dej\u00f3 de recibir la ayuda, y la actual inflaci\u00f3n, que alcanz\u00f3 los niveles de 7.7 por ciento, dispar\u00f3 los precios de los productos de la canasta b\u00e1sica, afectando a este sector. <\/p>\n\n\n\n<p>Mencion\u00f3, a pesar de esta realidad, los criterios y montos de la pensi\u00f3n para adultos mayores no se han modificado de acuerdo con sus necesidades.\u00a0 Actualmente la pensi\u00f3n que otorga el gobierno \u00fanicamente cuenta con un padr\u00f3n de m\u00e1s de 10 millones de derechohabientes.\u00a0<\/p>\n\n\n\n<p>Fuente: <a href=\"https:\/\/www.milenio.com\/politica\/congreso\/pri-proponen-pension-adultos-mayores-60-anos\" data-type=\"URL\" data-id=\"https:\/\/www.milenio.com\/politica\/congreso\/pri-proponen-pension-adultos-mayores-60-anos\">Milenio<\/a><\/p>\n","protected":false},"excerpt":{"rendered":"<p>Diputados federales del PRI propusieron que la pensi\u00f3n de adultos mayores se otorgue a partir de los 60 a\u00f1os. Al presentar el proyecto, los diputados Marco Antonio Mendoza, Johana Montcerrat Hern\u00e1ndez, Sayonara Vargas, Norma Aceves y Victoria Eugenia M\u00e9ndez explicaron que los cambios beneficiar\u00edan al sistema de pensiones no contributivas, creado hace 20 a\u00f1os en [&hellip;]<\/p>\n","protected":false},"author":35,"featured_media":5400,"comment_status":"open","ping_status":"open","sticky":false,"template":"","format":"standard","meta":{"_monsterinsights_skip_tracking":false,"_monsterinsights_sitenote_active":false,"_monsterinsights_sitenote_note":"","_monsterinsights_sitenote_category":0,"footnotes":""},"categories":[158],"tags":[3102,10708,1503,208,9596],"class_list":["post-56794","post","type-post","status-publish","format-standard","has-post-thumbnail","hentry","category-politica","tag-adultos","tag-mayores","tag-pension","tag-pri","tag-propone","wp-image-borders"],"amp_enabled":true,"_links":{"self":[{"href":"https:\/\/nvnoticias.mx\/index.php\/wp-json\/wp\/v2\/posts\/56794","targetHints":{"allow":["GET"]}}],"collection":[{"href":"https:\/\/nvnoticias.mx\/index.php\/wp-json\/wp\/v2\/posts"}],"about":[{"href":"https:\/\/nvnoticias.mx\/index.php\/wp-json\/wp\/v2\/types\/post"}],"author":[{"embeddable":true,"href":"https:\/\/nvnoticias.mx\/index.php\/wp-json\/wp\/v2\/users\/35"}],"replies":[{"embeddable":true,"href":"https:\/\/nvnoticias.mx\/index.php\/wp-json\/wp\/v2\/comments?post=56794"}],"version-history":[{"count":1,"href":"https:\/\/nvnoticias.mx\/index.php\/wp-json\/wp\/v2\/posts\/56794\/revisions"}],"predecessor-version":[{"id":56796,"href":"https:\/\/nvnoticias.mx\/index.php\/wp-json\/wp\/v2\/posts\/56794\/revisions\/56796"}],"wp:featuredmedia":[{"embeddable":true,"href":"https:\/\/nvnoticias.mx\/index.php\/wp-json\/wp\/v2\/media\/5400"}],"wp:attachment":[{"href":"https:\/\/nvnoticias.mx\/index.php\/wp-json\/wp\/v2\/media?parent=56794"}],"wp:term":[{"taxonomy":"category","embeddable":true,"href":"https:\/\/nvnoticias.mx\/index.php\/wp-json\/wp\/v2\/categories?post=56794"},{"taxonomy":"post_tag","embeddable":true,"href":"https:\/\/nvnoticias.mx\/index.php\/wp-json\/wp\/v2\/tags?post=56794"}],"curies":[{"name":"wp","href":"https:\/\/api.w.org\/{rel}","templated":true}]}}