{"id":56701,"date":"2022-05-27T09:24:17","date_gmt":"2022-05-27T14:24:17","guid":{"rendered":"https:\/\/nvnoticias.mx\/?p=56701"},"modified":"2022-05-27T09:24:19","modified_gmt":"2022-05-27T14:24:19","slug":"aprueba-congreso-en-lo-general-modificaciones","status":"publish","type":"post","link":"https:\/\/nvnoticias.mx\/index.php\/2022\/05\/27\/aprueba-congreso-en-lo-general-modificaciones\/","title":{"rendered":"Aprueba Congreso en lo general modificaciones"},"content":{"rendered":"\n<p>El pleno del Congreso capitalino aprob\u00f3 en lo general con 36 votos a favor y 28 en contra el dictamen que modifica la estructura org\u00e1nica del Instituto Electoral de la Ciudad de M\u00e9xico (IECM).<\/p>\n\n\n\n<p>Tras m\u00e1s de 18 horas de discusi\u00f3n, en donde hubo gritos, descalificaciones, pancartas, empujones y la lectura de una moci\u00f3n suspensiva que parec\u00eda interminable, Morena y sus aliados lograron avanzar en la aprobaci\u00f3n de esta reforma al C\u00f3digo de Instituciones y Procedimientos Electorales.  <\/p>\n\n\n\n<p> Durante el debate aparecieron mantas con leyendas en contra de esta propuesta como \u2018Morena asesina la democracia\u2019, \u2018No dejaremos que Morena mate la democracia\u2019 y \u2018RIP Democracia\u2019; adem\u00e1s de un ata\u00fad con el nombre del IECM.<\/p>\n\n\n\n<p>Al fundamentar en contra de este tema, el legislador panista Ricardo Rubio sostuvo que es una pena y verg\u00fcenza que Morena quiera \u201csangrar y dejar en huesos\u201d al \u00f3rgano electoral local, pues se recortan cinco \u00e1reas administrativas del Instituto y se les quita m\u00e1s de 50 millones de pesos de presupuesto. Asimismo, precis\u00f3 que el \u2018mandar al diablo a las instituciones\u2019 parece ser un valor, principio y filosof\u00eda del partido en el poder.<\/p>\n\n\n\n<p>En este sentido, su compa\u00f1ero de bancada Anibal Ca\u00f1\u00e9z subray\u00f3 que este es un \u2018bodrio legislativo\u2019, pues la Constituci\u00f3n local establece que los \u00f3rganos aut\u00f3nomos tienen capacidad y facultad para elegir sobre su presupuesto, por lo que cuando se presente una controversia constitucional contra este dictamen, la Suprema Corte de Justicia de la Naci\u00f3n (SCJN) lo echar\u00e1 abajo.<\/p>\n\n\n\n<p>En tanto, al posicionar a favor, el legislador Carlos Hern\u00e1ndez de Morena, promotor de esta iniciativa, apunt\u00f3 que la gente en la calle les solicita que las elecciones y los partidos pol\u00edticos sean menos onerosos para que estos recursos se puedan distribuir a otros rubros.<\/p>\n\n\n\n<p>Fuente: <a href=\"https:\/\/www.eluniversal.com.mx\/metropoli\/iecm-aprueba-congreso-en-lo-general-modificaciones\" data-type=\"URL\" data-id=\"https:\/\/www.eluniversal.com.mx\/metropoli\/iecm-aprueba-congreso-en-lo-general-modificaciones\">El Universal<\/a><\/p>\n","protected":false},"excerpt":{"rendered":"<p>El pleno del Congreso capitalino aprob\u00f3 en lo general con 36 votos a favor y 28 en contra el dictamen que modifica la estructura org\u00e1nica del Instituto Electoral de la Ciudad de M\u00e9xico (IECM). Tras m\u00e1s de 18 horas de discusi\u00f3n, en donde hubo gritos, descalificaciones, pancartas, empujones y la lectura de una moci\u00f3n suspensiva [&hellip;]<\/p>\n","protected":false},"author":35,"featured_media":45895,"comment_status":"open","ping_status":"open","sticky":false,"template":"","format":"standard","meta":{"_monsterinsights_skip_tracking":false,"_monsterinsights_sitenote_active":false,"_monsterinsights_sitenote_note":"","_monsterinsights_sitenote_category":0,"footnotes":""},"categories":[158],"tags":[15272,348,7677,162],"class_list":["post-56701","post","type-post","status-publish","format-standard","has-post-thumbnail","hentry","category-politica","tag-apueba","tag-congreso","tag-modificaciones","tag-portada","wp-image-borders"],"amp_enabled":true,"_links":{"self":[{"href":"https:\/\/nvnoticias.mx\/index.php\/wp-json\/wp\/v2\/posts\/56701","targetHints":{"allow":["GET"]}}],"collection":[{"href":"https:\/\/nvnoticias.mx\/index.php\/wp-json\/wp\/v2\/posts"}],"about":[{"href":"https:\/\/nvnoticias.mx\/index.php\/wp-json\/wp\/v2\/types\/post"}],"author":[{"embeddable":true,"href":"https:\/\/nvnoticias.mx\/index.php\/wp-json\/wp\/v2\/users\/35"}],"replies":[{"embeddable":true,"href":"https:\/\/nvnoticias.mx\/index.php\/wp-json\/wp\/v2\/comments?post=56701"}],"version-history":[{"count":5,"href":"https:\/\/nvnoticias.mx\/index.php\/wp-json\/wp\/v2\/posts\/56701\/revisions"}],"predecessor-version":[{"id":56706,"href":"https:\/\/nvnoticias.mx\/index.php\/wp-json\/wp\/v2\/posts\/56701\/revisions\/56706"}],"wp:featuredmedia":[{"embeddable":true,"href":"https:\/\/nvnoticias.mx\/index.php\/wp-json\/wp\/v2\/media\/45895"}],"wp:attachment":[{"href":"https:\/\/nvnoticias.mx\/index.php\/wp-json\/wp\/v2\/media?parent=56701"}],"wp:term":[{"taxonomy":"category","embeddable":true,"href":"https:\/\/nvnoticias.mx\/index.php\/wp-json\/wp\/v2\/categories?post=56701"},{"taxonomy":"post_tag","embeddable":true,"href":"https:\/\/nvnoticias.mx\/index.php\/wp-json\/wp\/v2\/tags?post=56701"}],"curies":[{"name":"wp","href":"https:\/\/api.w.org\/{rel}","templated":true}]}}